{"id":6341,"date":"2020-07-19T03:12:24","date_gmt":"2020-07-19T06:12:24","guid":{"rendered":"http:\/\/conurbanodiario.com.ar\/?p=6341"},"modified":"2020-07-22T14:49:00","modified_gmt":"2020-07-22T17:49:00","slug":"nacion-ciudad-y-provincia-advierten-que-si-los-indicadores-empeoran-se-volvera-para-atras","status":"publish","type":"post","link":"https:\/\/conurbanodiario.com.ar\/?p=6341","title":{"rendered":"NACI\u00d3N, CIUDAD Y PROVINCIA ADVIERTEN QUE SI LOS INDICADORES EMPEORAN \u00abSE VOLVER\u00c1 PARA ATR\u00c1S\u00bb"},"content":{"rendered":"\n<p>Funcionarios de los gobiernos de Naci\u00f3n, Provincia de Buenos Aires y Ciudad insistieron en apelar a \u00abla responsabilidad ciudadana\u00bb, de cara a la nueva fase del aislamiento social, preventivo y obligatorio que comenz\u00f3 en el \u00c1rea Metropolitana Buenos Aires (AMBA).<\/p>\n\n\n\n<p>Esta etapa comprende una apertura escalonada de actividades y servicios, y funcionarios de las tres administraciones coincidieron en aclarar que&nbsp;<strong>si se \u201cprenden alarmas\u201d en las cifras de contagios \u00abse volver\u00e1 para atr\u00e1s\u00bb con las flexibilizaciones.<\/strong><\/p>\n\n\n\n<p>El presidente Alberto Fern\u00e1ndez anunci\u00f3 en el mediod\u00eda del viernes, desde la Residencia de Olivos, que l<strong>a nueva fase del aislamiento social se extender\u00e1 hasta el 2 de agosto<\/strong>, durante un acto que cont\u00f3 con las presencias del gobernador bonaerense, Axel Kicillof, y el jefe de Gobierno porte\u00f1o, Horacio Rodr\u00edguez Larreta.<\/p>\n\n\n\n<p>A trav\u00e9s de videoconferencia, y desde sus provincias, participaron tambi\u00e9n de estos anuncios el gobernador de Chaco, Jorge Capitanich; el de Jujuy, Gerardo Morales, y la mandataria de R\u00edo Negro, Arabela Carreras.<\/p>\n\n\n\n<p>M\u00e1s tarde, funcionarios de Ciudad y Provincia dieron precisiones de actividades y servicios que, en forma escalonada, se ir\u00e1n abriendo desde el lunes, y le pidieron a la ciudadan\u00eda que sea \u00abresponsable\u00bb ante la etapa que comienza.<\/p>\n\n\n\n<p>En ese marco, el jefe de Gabinete, Santiago Cafiero, remarc\u00f3 que \u201c<strong>en esta etapa&nbsp;<\/strong>que va hasta el 2 de agosto&nbsp;<strong>es necesario tener una gran responsabilidad individual como garant\u00eda para cuidar de uno mismo y del otro<\/strong>\u201d.<br>\u201cSi alguna de las variables que analizamos prenden las luces de alarma, vamos a tener que continuar con esta pol\u00edtica de cuidar la vida, y&nbsp;<strong>vamos volver para atr\u00e1s si es necesario<\/strong>\u201d, advirti\u00f3 Cafiero.<\/p>\n\n\n\n<p>A su turno, Rodr\u00edguez Larreta se\u00f1al\u00f3 que se debe \u201caprender a convivir con el virus con responsabilidad\u201d y asegur\u00f3 que, adem\u00e1s de los controles y los cuidados que lleva adelante su gobierno.<\/p>\n\n\n\n<p>\u201cTambi\u00e9n est\u00e1 en juego la actitud de los vecinos, que hasta ahora ha sido muy buena. Si hacemos pavadas, vamos a tener que retroceder\u00bb, insisti\u00f3 Rodr\u00edguez Larreta en declaraciones radiales.<\/p>\n\n\n\n<p><strong>El titular del Ejecutivo de la Ciudad de Buenos Aires pidi\u00f3 a los porte\u00f1os \u00abtener especial cuidado\u00bb ante el D\u00eda del Amigo<\/strong>, que se celebra el pr\u00f3ximo lunes, y solicit\u00f3&nbsp;<strong>evitar reuniones y encuentros presenciales&nbsp;<\/strong>en esa fecha.<\/p>\n\n\n\n<p>La vicegobernadora bonaerense&nbsp;<strong>Ver\u00f3nica Magario<\/strong>&nbsp;sostuvo que \u201c<strong>no debemos relajarnos porque a\u00fan no superamos el virus<\/strong>\u201d y exhort\u00f3 a la poblaci\u00f3n a \u00abrespetar las medidas sanitarias\u00bb.<\/p>\n\n\n\n<p>En la misma l\u00ednea, el jefe de Gabinete provincial,&nbsp;<strong>Carlos Bianco<\/strong>, asegur\u00f3 que&nbsp;<strong>esta nueva etapa escalonada \u201ces prueba y error\u201d<\/strong>&nbsp;y si \u201cla cosa marcha bien podemos mantener este ritmo de apertura\u00bb.<\/p>\n\n\n\n<p>\u00abSi las cosas marchan muy bien, podemos incrementar las aperturas. Pero si se complica y la ocupaci\u00f3n de camas aumenta, vamos a tener que dar marcha atr\u00e1s\u201d, aclar\u00f3 Bianco en declaraciones period\u00edsticas.<br>Adem\u00e1s, el funcionario bonaerense destac\u00f3 que esta etapa de la lucha contra el coronavirus se est\u00e1 \u201ctransitando con la mayor precauci\u00f3n y responsabilidad posible\u201d y que cree que \u201cnos est\u00e1 yendo relativamente bien\u201d.<\/p>\n\n\n\n<p>Tambi\u00e9n la ministra de Gobierno bonaerense, Teresa Garc\u00eda, opin\u00f3 que esta reapertura \u201cla tenemos que hacer todo muy lento y paulatinamente, porque estamos mirando permanentemente el crecimiento de casos y de los d\u00edas de multiplicaci\u00f3n de contagios\u201d.<\/p>\n\n\n\n<p>Al igual que Larreta, Garc\u00eda se mostr\u00f3 preocupada por el D\u00eda del Amigo y cont\u00f3 que habl\u00f3 con los intendentes \u00abpara que redoblen los controles, adem\u00e1s de los refuerzos que va a hacer la Provincia\u00bb.<\/p>\n\n\n\n<p>Los intendentes<br>Con respecto a la nueva etapa de aislamiento social, el intendente de Berazategui, Juan Jos\u00e9 Mussi, interpret\u00f3 que \u201ctodos insistieron en que hab\u00eda que flexibilizar las restricciones y ahora el Presidente le pas\u00f3 la pelota a la sociedad\u00bb.<\/p>\n\n\n\n<p>El jefe comunal de Tigre, Julio Zamora, se\u00f1al\u00f3 que \u201cahora se apela a la responsabilidad que tenga cada vecino y que se trata de \u00abuna apertura intermitente\u00bb, que consistir\u00e1 en \u00bb abrir actividades para ver la evoluci\u00f3n de la enfermedad\u201d.<\/p>\n\n\n\n<p>Otro de los que se expres\u00f3 fue el intendente de La Plata, Julio Garro, quien consider\u00f3 que la nueva fase implica \u00abflexibilizar un poco la cuarentena, que da un poco de aire, da un poco m\u00e1s de certidumbre\u00bb y record\u00f3 que los intendentes hab\u00edan \u00abpropuesto aprobar las fases autom\u00e1ticamente\u00bb.<\/p>\n\n\n\n<p>La disminuci\u00f3n en la velocidad de propagaci\u00f3n de los casos de coronavirus, el incremento de la capacidad diagn\u00f3stica, la detecci\u00f3n precoz, la mejora en la capacidad de asistencia del sistema de salud son algunas de las razones del Gobierno nacional para comenzar una flexibilizaci\u00f3n del aislamiento social, preventivo y obligatorio en el AMBA que rige desde el 20 de marzo.<\/p>\n\n\n\n<p>Las razones est\u00e1n detalladas en los considerandos del decreto 605\/2020 publicado en el Bolet\u00edn Oficial, con la firma del presidente Fern\u00e1ndez y todo el Gabinete nacional, que prorroga hasta el 2 de agosto el aislamiento en el \u00c1rea Metropolitana Buenos Aires (AMBA), en Jujuy y el departamento chaque\u00f1o de San Fernando y la fase de distanciamiento social en el resto del pa\u00eds.<\/p>\n","protected":false},"excerpt":{"rendered":"<p>Funcionarios de los gobiernos de Naci\u00f3n, Provincia de Buenos Aires y Ciudad insistieron en apelar&#8230;<\/p>\n","protected":false},"author":1,"featured_media":59656,"comment_status":"open","ping_status":"open","sticky":false,"template":"","format":"standard","meta":{"footnotes":""},"categories":[5,28],"tags":[],"class_list":["post-6341","post","type-post","status-publish","format-standard","has-post-thumbnail","hentry","category-el-pais","category-la-provincia"],"_links":{"self":[{"href":"https:\/\/conurbanodiario.com.ar\/index.php?rest_route=\/wp\/v2\/posts\/6341","targetHints":{"allow":["GET"]}}],"collection":[{"href":"https:\/\/conurbanodiario.com.ar\/index.php?rest_route=\/wp\/v2\/posts"}],"about":[{"href":"https:\/\/conurbanodiario.com.ar\/index.php?rest_route=\/wp\/v2\/types\/post"}],"author":[{"embeddable":true,"href":"https:\/\/conurbanodiario.com.ar\/index.php?rest_route=\/wp\/v2\/users\/1"}],"replies":[{"embeddable":true,"href":"https:\/\/conurbanodiario.com.ar\/index.php?rest_route=%2Fwp%2Fv2%2Fcomments&post=6341"}],"version-history":[{"count":1,"href":"https:\/\/conurbanodiario.com.ar\/index.php?rest_route=\/wp\/v2\/posts\/6341\/revisions"}],"predecessor-version":[{"id":6343,"href":"https:\/\/conurbanodiario.com.ar\/index.php?rest_route=\/wp\/v2\/posts\/6341\/revisions\/6343"}],"wp:featuredmedia":[{"embeddable":true,"href":"https:\/\/conurbanodiario.com.ar\/index.php?rest_route=\/wp\/v2\/media\/59656"}],"wp:attachment":[{"href":"https:\/\/conurbanodiario.com.ar\/index.php?rest_route=%2Fwp%2Fv2%2Fmedia&parent=6341"}],"wp:term":[{"taxonomy":"category","embeddable":true,"href":"https:\/\/conurbanodiario.com.ar\/index.php?rest_route=%2Fwp%2Fv2%2Fcategories&post=6341"},{"taxonomy":"post_tag","embeddable":true,"href":"https:\/\/conurbanodiario.com.ar\/index.php?rest_route=%2Fwp%2Fv2%2Ftags&post=6341"}],"curies":[{"name":"wp","href":"https:\/\/api.w.org\/{rel}","templated":true}]}}