{"id":6330,"date":"2020-07-19T02:40:19","date_gmt":"2020-07-19T05:40:19","guid":{"rendered":"http:\/\/conurbanodiario.com.ar\/?p=6330"},"modified":"2020-07-19T02:40:20","modified_gmt":"2020-07-19T05:40:20","slug":"operativo-de-saturacion-para-reforzar-las-tareas-de-seguridad-en-quilmes","status":"publish","type":"post","link":"https:\/\/conurbanodiario.com.ar\/?p=6330","title":{"rendered":"OPERATIVO DE SATURACI\u00d3N PARA REFORZAR LAS TAREAS DE SEGURIDAD EN QUILMES"},"content":{"rendered":"\n<p>La intendenta de Quilmes, Mayra Mendoza, encabez\u00f3 junto al subsecretario de Desarrollo y Formaci\u00f3n Profesional del Ministerio de Seguridad de la Provincia de Buenos Aires, Javier Alonso, el lanzamiento de un operativo de saturaci\u00f3n especial que se realizar\u00e1 durante todo el fin de semana en el distrito, con el fin de reforzar las tareas de prevenci\u00f3n y seguridad.<\/p>\n\n\n\n<p>\u201cEstamos con el subsecretario de Formaci\u00f3n y Desarrollo Profesional del Ministerio de Seguridad de la Provincia, Javier Alonso, en permanente contacto con el ministro Sergio Berni, a quien le hemos transmitido la preocupaci\u00f3n que se vive en Quilmes y que viven la mayor\u00eda de los vecinos\u201d, manifest\u00f3 la Jefa comunal durante el encuentro.<\/p>\n\n\n\n<p>Mayra subray\u00f3 el compromiso de la gesti\u00f3n municipal para mejorar la seguridad del distrito: \u201cSabemos que estamos viviendo d\u00edas muy dif\u00edciles, es una situaci\u00f3n excepcional la que vive el mundo atravesando una pandemia, una emergencia sanitaria a la que se le suma la cuesti\u00f3n social, en materia econ\u00f3mica y tambi\u00e9n de seguridad. Pero quiero que sepan todos nuestros vecinos que asumimos nuestro gobierno para hacernos cargo de todos los problemas. A pesar de que sean muy dif\u00edciles de solucionar, no vamos a dudar ni nos va a temblar el pulso, y vamos a tomar las decisiones y las definiciones que tengamos que tomar para garantizar la tranquilidad de nuestros vecinos y vecinas\u201d.<\/p>\n\n\n\n<p>Mayra resalt\u00f3 la articulaci\u00f3n permanente que realiza el Municipio con la Provincia de Buenos Aires y anunci\u00f3 que \u201cestamos sumando herramientas que ayuden a prevenir el delito en conjunto con la Provincia de Buenos Aires, adquiriremos nuevas motos, patrulleros, 80 nuevas c\u00e1maras y duplicaremos las luces led en el Municipio. Todo esto requiere de un esfuerzo y de un trabajo mancomunado. Estamos decididos a hacerlo para poder garantizar la tranquilidad de nuestros vecinos y vecinas\u201d, concluy\u00f3 la Intendenta, quien estuvo acompa\u00f1ada por el Jefe de Gabinete, Alejandro Gandulfo y el secretario de Seguridad y Ordenamiento Urbano, Gaspar De Stefano.<\/p>\n\n\n\n<p>Por su parte, Javier Alonso manifest\u00f3 que \u201cestamos acompa\u00f1ando al Municipio de Quilmes en particular dando respuesta al reclamo de la Intendenta frente a una situaci\u00f3n de incremento del delito en algunas zonas, fruto de que esta situaci\u00f3n excepcional en la que estamos hace que la din\u00e1mica social sea extraordinaria, y que la din\u00e1mica del delito tambi\u00e9n es muy cambiante y fluctuante\u201d.<\/p>\n\n\n\n<p>A su vez, el funcionario agreg\u00f3 que \u201cen ese sentido, el delito se va moviendo de una forma muy particular. Por eso, en el d\u00eda de hoy y por algunos d\u00edas m\u00e1s estaremos desarrollando un operativo con m\u00e1s efectivos de fuerzas especiales de la Provincia, que se acoplan a los efectivos de la polic\u00eda de seguridad de Quilmes, y que van a estar garantizando la seguridad ciudadana de los vecinos\u201d.<\/p>\n\n\n\n<p>DETALLES DEL OPERATIVO<\/p>\n\n\n\n<p>Las tareas se llevar\u00e1n a cabo por casi 500 efectivos de la Polic\u00eda Bonaerense, Polic\u00eda Local, el Grupo de Apoyo Departamental (GAD), la UTOI (Unidad T\u00e1ctica de Operaciones Inmediatas), el Grupo de Apoyo Motorizado (GAM) y la Infanter\u00eda, en coordinaci\u00f3n con la secretar\u00eda de Seguridad y Ordenamiento Urbano.<\/p>\n\n\n\n<p>Se utilizar\u00e1n aproximadamente 55 veh\u00edculos, entre motocicletas y autom\u00f3viles, que recorrer\u00e1n la jurisdicci\u00f3n de la comisar\u00eda Primera, en la zona de la avenida Cervantes, Echeverr\u00eda, Yoldi y Otamendi en la Ribera de Quilmes; y en el radio de las calles Alberdi, Cevallos, Brandsen y San Mart\u00edn en el centro de la ciudad.<\/p>\n\n\n\n<p>Tambi\u00e9n se concretar\u00e1n dichos trabajos en la jurisdicci\u00f3n de la Comisar\u00eda Novena, principalmente en los barrios El Jal\u00f3n, en la zona de las calles Ricardo Guti\u00e9rrez, Lisandro de la Torre, Ecuador y Mart\u00edn Rodr\u00edguez; y en el barrio El Dorado, en el per\u00edmetro de avenida La Plata, avenida Calchaqu\u00ed, Florencio Varela y avenida Francia.<\/p>\n\n\n\n<p>Tambi\u00e9n participaron de la actividad: la subsecretaria de Seguridad Ciudadana, Mar\u00eda Sol Barrabino; el subsecretario de Emergencias, Protecci\u00f3n Civil y Tr\u00e1nsito y el subsecretario de la Coordinaci\u00f3n Operativa de Seguridad, Diego Feustel.<\/p>\n","protected":false},"excerpt":{"rendered":"<p>La intendenta de Quilmes, Mayra Mendoza, encabez\u00f3 junto al subsecretario de Desarrollo y Formaci\u00f3n Profesional&#8230;<\/p>\n","protected":false},"author":1,"featured_media":59656,"comment_status":"open","ping_status":"open","sticky":false,"template":"","format":"standard","meta":{"footnotes":""},"categories":[10],"tags":[],"class_list":["post-6330","post","type-post","status-publish","format-standard","has-post-thumbnail","hentry","category-seguridad"],"_links":{"self":[{"href":"https:\/\/conurbanodiario.com.ar\/index.php?rest_route=\/wp\/v2\/posts\/6330","targetHints":{"allow":["GET"]}}],"collection":[{"href":"https:\/\/conurbanodiario.com.ar\/index.php?rest_route=\/wp\/v2\/posts"}],"about":[{"href":"https:\/\/conurbanodiario.com.ar\/index.php?rest_route=\/wp\/v2\/types\/post"}],"author":[{"embeddable":true,"href":"https:\/\/conurbanodiario.com.ar\/index.php?rest_route=\/wp\/v2\/users\/1"}],"replies":[{"embeddable":true,"href":"https:\/\/conurbanodiario.com.ar\/index.php?rest_route=%2Fwp%2Fv2%2Fcomments&post=6330"}],"version-history":[{"count":1,"href":"https:\/\/conurbanodiario.com.ar\/index.php?rest_route=\/wp\/v2\/posts\/6330\/revisions"}],"predecessor-version":[{"id":6332,"href":"https:\/\/conurbanodiario.com.ar\/index.php?rest_route=\/wp\/v2\/posts\/6330\/revisions\/6332"}],"wp:featuredmedia":[{"embeddable":true,"href":"https:\/\/conurbanodiario.com.ar\/index.php?rest_route=\/wp\/v2\/media\/59656"}],"wp:attachment":[{"href":"https:\/\/conurbanodiario.com.ar\/index.php?rest_route=%2Fwp%2Fv2%2Fmedia&parent=6330"}],"wp:term":[{"taxonomy":"category","embeddable":true,"href":"https:\/\/conurbanodiario.com.ar\/index.php?rest_route=%2Fwp%2Fv2%2Fcategories&post=6330"},{"taxonomy":"post_tag","embeddable":true,"href":"https:\/\/conurbanodiario.com.ar\/index.php?rest_route=%2Fwp%2Fv2%2Ftags&post=6330"}],"curies":[{"name":"wp","href":"https:\/\/api.w.org\/{rel}","templated":true}]}}