{"id":6327,"date":"2020-07-19T02:31:04","date_gmt":"2020-07-19T05:31:04","guid":{"rendered":"http:\/\/conurbanodiario.com.ar\/?p=6327"},"modified":"2020-07-19T02:31:04","modified_gmt":"2020-07-19T05:31:04","slug":"relevamiento-y-diagnostico-de-la-costa-del-rio-de-la-plata","status":"publish","type":"post","link":"https:\/\/conurbanodiario.com.ar\/?p=6327","title":{"rendered":"RELEVAMIENTO Y DIAGN\u00d3STICO DE LA COSTA DEL R\u00cdO DE LA PLATA"},"content":{"rendered":"\n<p><strong>En el marco del Sistema de Planificaci\u00f3n Estrat\u00e9gico Participativo Local \u00abBerazategui 2050\u00bb, la Comisi\u00f3n de la Ribera Rioplatense -junto con profesionales del Municipio y la comunidad- se encuentra realizando un relevamiento y diagn\u00f3stico de la Costa berazateguense del R\u00edo de la Plata.<\/strong><\/p>\n\n\n\n<p>El \u00e1rea de estudio es una superficie de 75 km2 (un tercio del total del Partido) cuyos l\u00edmites son: el R\u00edo de la Plata -al este-, la Av. Florencio Varela -al norte-, la Autopista Buenos Aires la Plata -al oeste-, y el l\u00edmite con el partido de Ensenada -al sur-.<\/p>\n\n\n\n<p>\u00abDado que el conocimiento del \u00e1rea era parcial y fragmentario, es necesario construirlo, para abordar -con las herramientas adecuadas- un territorio tan extenso y complejo\u00bb, afirm\u00f3 el arquitecto Eduardo Puszczyk, coordinador de la Comisi\u00f3n de la Ribera Rioplatense.<\/p>\n\n\n\n<p>En base a una agenda de trabajo presentada oportunamente a la Direcci\u00f3n Ejecutiva del \u00abBerazategui 2050\u00bb, y tanto bajo la metodolog\u00eda de Taller como de manera presencial, se analizaron con distintos grados de profundidad los aspectos necesarios para la comprensi\u00f3n del territorio. As\u00ed se fueron desglosando los temas ambientales, urbanos, dominiales, legales, hidr\u00e1ulicos, hist\u00f3ricos, culturales, de infraestructura de servicios, de conectividades, del rol en el \u00c1rea Metropolitana y en el frente costero regional, etc.<\/p>\n\n\n\n<p>\u00abEste trabajo permiti\u00f3 transformar aquel conocimiento parcial y fragmentario en un enfoque general e integral, que posibilit\u00f3 el fortalecimiento de la mirada ambiental: el reconocimiento de los extraordinarios valores de biodiversidad que la naturaleza prodig\u00f3 en la Costa, y la necesidad de un manejo adecuado de estos recursos\u00bb, ampli\u00f3 Puszczyk.<\/p>\n\n\n\n<p>El trabajo de la Comisi\u00f3n fue volcado a un documento, que constituye la base de los estudios que la Universidad Nacional de Quilmes profundizar\u00e1, seg\u00fan el convenio recientemente firmado con el Municipio de Berazategui.<\/p>\n\n\n\n<p>Integran la Comisi\u00f3n las Lic. en Biolog\u00eda: Andrea Gantzer y Diana Est\u00e9vez; la Lic. en Turismo, Guadalupe Petrovich; el Dr. Oscar Deina; el Qu\u00edmico Ambiental, Andr\u00e9s Piccinini; el MMO Alejandro Pereyra; y los arquitectos: Alejandra Reynoso, Sandra Gleim, Mar\u00eda Jos\u00e9 Wicki y Gabriel Pilato, profesionales y vecinos que aportan su tiempo, energ\u00eda y conocimiento para el mejor futuro de Berazategui.<\/p>\n","protected":false},"excerpt":{"rendered":"<p>En el marco del Sistema de Planificaci\u00f3n Estrat\u00e9gico Participativo Local \u00abBerazategui 2050\u00bb, la Comisi\u00f3n de&#8230;<\/p>\n","protected":false},"author":1,"featured_media":59656,"comment_status":"open","ping_status":"open","sticky":false,"template":"","format":"standard","meta":{"footnotes":""},"categories":[3],"tags":[],"class_list":["post-6327","post","type-post","status-publish","format-standard","has-post-thumbnail","hentry","category-informacion-general"],"_links":{"self":[{"href":"https:\/\/conurbanodiario.com.ar\/index.php?rest_route=\/wp\/v2\/posts\/6327","targetHints":{"allow":["GET"]}}],"collection":[{"href":"https:\/\/conurbanodiario.com.ar\/index.php?rest_route=\/wp\/v2\/posts"}],"about":[{"href":"https:\/\/conurbanodiario.com.ar\/index.php?rest_route=\/wp\/v2\/types\/post"}],"author":[{"embeddable":true,"href":"https:\/\/conurbanodiario.com.ar\/index.php?rest_route=\/wp\/v2\/users\/1"}],"replies":[{"embeddable":true,"href":"https:\/\/conurbanodiario.com.ar\/index.php?rest_route=%2Fwp%2Fv2%2Fcomments&post=6327"}],"version-history":[{"count":1,"href":"https:\/\/conurbanodiario.com.ar\/index.php?rest_route=\/wp\/v2\/posts\/6327\/revisions"}],"predecessor-version":[{"id":6329,"href":"https:\/\/conurbanodiario.com.ar\/index.php?rest_route=\/wp\/v2\/posts\/6327\/revisions\/6329"}],"wp:featuredmedia":[{"embeddable":true,"href":"https:\/\/conurbanodiario.com.ar\/index.php?rest_route=\/wp\/v2\/media\/59656"}],"wp:attachment":[{"href":"https:\/\/conurbanodiario.com.ar\/index.php?rest_route=%2Fwp%2Fv2%2Fmedia&parent=6327"}],"wp:term":[{"taxonomy":"category","embeddable":true,"href":"https:\/\/conurbanodiario.com.ar\/index.php?rest_route=%2Fwp%2Fv2%2Fcategories&post=6327"},{"taxonomy":"post_tag","embeddable":true,"href":"https:\/\/conurbanodiario.com.ar\/index.php?rest_route=%2Fwp%2Fv2%2Ftags&post=6327"}],"curies":[{"name":"wp","href":"https:\/\/api.w.org\/{rel}","templated":true}]}}