{"id":6319,"date":"2020-07-19T02:11:30","date_gmt":"2020-07-19T05:11:30","guid":{"rendered":"http:\/\/conurbanodiario.com.ar\/?p=6319"},"modified":"2020-07-19T02:50:07","modified_gmt":"2020-07-19T05:50:07","slug":"berazategui-ciclo-de-charlas-de-especialistas-en-ambiente-y-desarrollo-sustentable","status":"publish","type":"post","link":"https:\/\/conurbanodiario.com.ar\/?p=6319","title":{"rendered":"BERAZATEGUI: CICLO DE CHARLAS DE ESPECIALISTAS EN AMBIENTE Y DESARROLLO SUSTENTABLE"},"content":{"rendered":"\n<p><strong>Con el objetivo de visibilizar distintas tem\u00e1ticas ambientales, este lunes 20 de julio se realizar\u00e1 el 3er encuentro del Ciclo de charlas correspondiente al Concurso online \u201cPandemia y cambio clim\u00e1tico\u201d, impulsado por la Municipalidad de Berazategui.<\/strong><\/p>\n\n\n\n<p>En esta ocasi\u00f3n, ser\u00e1 el turno de la licenciada en Biolog\u00eda y directora de Reforestaci\u00f3n y Arbolado P\u00fablico municipal, Andrea Gantzer. Bajo el t\u00edtulo \u201cUn paseo por Berazategui y su Patrimonio Natural\u201d, la disertaci\u00f3n comenzar\u00e1 a las 16.00 y ser\u00e1 transmitida a trav\u00e9s de la plataforma de Google Meet. Los interesados en participar deben anotarse en&nbsp;<a href=\"http:\/\/berazategui2050.com.ar\/\" target=\"_blank\" rel=\"noreferrer noopener\">berazategui2050.com.ar<\/a>.<br><br>Ideado por la Direcci\u00f3n de Ambiente y Desarrollo Sustentable, de la Secretar\u00eda de Obras P\u00fablicas del Municipio, este concurso se da en el marco de la actual situaci\u00f3n sanitaria por el Coronavirus (COVID-19), que implica el aislamiento social, preventivo y obligatorio. A trav\u00e9s de \u00e9l, se convoca a emprendedores y vecinos innovadores, visionarios e inventores, movilizados por el deseo de incentivar en el distrito una mayor conciencia ambiental y construir un mundo sustentable.<\/p>\n\n\n\n<p>Se puede participar en equipos de hasta 4 integrantes y solo entregar 1 proyecto. La fecha l\u00edmite para hacerlo es el 31 de agosto, y las bases y condiciones del concurso se encuentran en&nbsp;<a href=\"http:\/\/berazategui.gob.ar\/concursosustentable\" target=\"_blank\" rel=\"noreferrer noopener\">berazategui.gob.ar\/concursosustentable<\/a>.<\/p>\n\n\n\n<p>Una vez cerrada la etapa de presentaci\u00f3n de los proyectos, se realizar\u00e1 un proceso de selecci\u00f3n y premiaci\u00f3n de las propuestas m\u00e1s innovadoras y originales. Se entregar\u00e1n incentivos econ\u00f3micos para poder llevarlas a cabo y se premiar\u00e1n las buenas pr\u00e1cticas en desarrollo sostenible, gesti\u00f3n sustentable y protecci\u00f3n ambiental, adem\u00e1s de aquellos proyectos que propongan la discusi\u00f3n sobre la relaci\u00f3n del \u201cCambio Clim\u00e1tico\u201d con el surgimiento y propagaci\u00f3n del COVID-19.<\/p>\n\n\n\n<p>Las buenas pr\u00e1cticas son aquellas soluciones o contribuciones exitosas al mejoramiento de la calidad de vida de las personas, con un impacto tangible y sostenible en todos los \u00e1mbitos de la sociedad: social, cultural, econ\u00f3mico, sanitario y ambiental.<\/p>\n\n\n\n<p>El pasado 6 de julio se inici\u00f3 este ciclo de charlas a cargo de especialistas en la tem\u00e1tica. El primer encuentro, denominado \u201cResiduos y Econom\u00eda circular\u201d, tuvo como protagonista a la secretaria de Ambiente y Desarrollo Sustentable de la Municipalidad de Florencio Varela, Beatriz Domingorena; mientras que el segundo, titulado \u201cIntroducci\u00f3n al Desarrollo Sostenible\u201d, estuvo a cargo de la investigadora y docente de la Universidad Nacional de Quilmes, Vera Mignaqui.<\/p>\n\n\n\n<p><strong>Promover la conciencia ambiental<br><\/strong><br>El COVID-19 trae la oportunidad de tomar conciencia del mundo en el que se vive y c\u00f3mo se lo habita, en medio de una crisis ambiental a nivel global que implica -a su vez- una crisis sanitaria, econ\u00f3mica y social. Las crisis son momentos de inflexi\u00f3n, de oportunidades para quien logra verlas y aprovecharlas, y este virus est\u00e1 visibilizando el mejor modo de cuidarse y cuidar a los dem\u00e1s.<\/p>\n\n\n\n<p>Con esta iniciativa municipal, se busca promover la toma de conciencia sobre las problem\u00e1ticas actuales de pandemia y cambio clim\u00e1tico; y, a su vez, motivar a la comunidad a idear y presentar propuestas en forma colaborativa que, referidas al desarrollo sostenible y a la disminuci\u00f3n de los efectos de las problem\u00e1ticas mencionadas, puedan significar una mejora en las condiciones de vida de Berazategui.<\/p>\n\n\n\n<p>Que el restablecimiento de las actividades econ\u00f3micas y sociales, luego de atravesar el actual contexto de pandemia, sea sustentable y justo, depende de la comunidad, de que \u00e9sta se permita dise\u00f1ar el mundo en el que anhela habitar y el modo en el cual desea hacerlo.<\/p>\n\n\n\n<p>Para mayor informaci\u00f3n, los interesados pueden enviar un correo electr\u00f3nico a&nbsp;<a href=\"mailto:ssambiente@berazategui.gob.ar\" target=\"_blank\" rel=\"noreferrer noopener\">ssambiente@berazategui.gob.ar<\/a>.<\/p>\n","protected":false},"excerpt":{"rendered":"<p>Con el objetivo de visibilizar distintas tem\u00e1ticas ambientales, este lunes 20 de julio se realizar\u00e1&#8230;<\/p>\n","protected":false},"author":1,"featured_media":59656,"comment_status":"open","ping_status":"open","sticky":false,"template":"","format":"standard","meta":{"footnotes":""},"categories":[3],"tags":[],"class_list":["post-6319","post","type-post","status-publish","format-standard","has-post-thumbnail","hentry","category-informacion-general"],"_links":{"self":[{"href":"https:\/\/conurbanodiario.com.ar\/index.php?rest_route=\/wp\/v2\/posts\/6319","targetHints":{"allow":["GET"]}}],"collection":[{"href":"https:\/\/conurbanodiario.com.ar\/index.php?rest_route=\/wp\/v2\/posts"}],"about":[{"href":"https:\/\/conurbanodiario.com.ar\/index.php?rest_route=\/wp\/v2\/types\/post"}],"author":[{"embeddable":true,"href":"https:\/\/conurbanodiario.com.ar\/index.php?rest_route=\/wp\/v2\/users\/1"}],"replies":[{"embeddable":true,"href":"https:\/\/conurbanodiario.com.ar\/index.php?rest_route=%2Fwp%2Fv2%2Fcomments&post=6319"}],"version-history":[{"count":1,"href":"https:\/\/conurbanodiario.com.ar\/index.php?rest_route=\/wp\/v2\/posts\/6319\/revisions"}],"predecessor-version":[{"id":6321,"href":"https:\/\/conurbanodiario.com.ar\/index.php?rest_route=\/wp\/v2\/posts\/6319\/revisions\/6321"}],"wp:featuredmedia":[{"embeddable":true,"href":"https:\/\/conurbanodiario.com.ar\/index.php?rest_route=\/wp\/v2\/media\/59656"}],"wp:attachment":[{"href":"https:\/\/conurbanodiario.com.ar\/index.php?rest_route=%2Fwp%2Fv2%2Fmedia&parent=6319"}],"wp:term":[{"taxonomy":"category","embeddable":true,"href":"https:\/\/conurbanodiario.com.ar\/index.php?rest_route=%2Fwp%2Fv2%2Fcategories&post=6319"},{"taxonomy":"post_tag","embeddable":true,"href":"https:\/\/conurbanodiario.com.ar\/index.php?rest_route=%2Fwp%2Fv2%2Ftags&post=6319"}],"curies":[{"name":"wp","href":"https:\/\/api.w.org\/{rel}","templated":true}]}}