{"id":6311,"date":"2020-07-19T01:48:43","date_gmt":"2020-07-19T04:48:43","guid":{"rendered":"http:\/\/conurbanodiario.com.ar\/?p=6311"},"modified":"2020-07-19T01:48:43","modified_gmt":"2020-07-19T04:48:43","slug":"el-intendente-watson-articula-acciones-con-gollan-y-medina-para-el-cuidado-de-la-poblacion-varelense","status":"publish","type":"post","link":"https:\/\/conurbanodiario.com.ar\/?p=6311","title":{"rendered":"EL INTENDENTE WATSON ARTICULA ACCIONES CON GOLLAN Y MEDINA PARA EL CUIDADO DE LA POBLACI\u00d3N VARELENSE"},"content":{"rendered":"\n<p>El intendente Andr\u00e9s Watson desarroll\u00f3 una intensa jornada de trabajo en el marco de las acciones de cuidar a la poblaci\u00f3n frente a la pandemia por Covid-19. Fue el anfitri\u00f3n del ministro de Salud de la provincia de Buenos Aires, Daniel Gollan, y del secretario de Calidad en Salud de la Naci\u00f3n, Arnaldo Medina, con quienes articul\u00f3 acciones en materia sanitaria, monitore\u00f3 el operativo socio sanitario realizado en el d\u00eda, presidi\u00f3 el encuentro del comit\u00e9 de crisis y recibi\u00f3 diez nuevos respiradores que gestion\u00f3 ante la gobernaci\u00f3n para continuar ampliando el sistema de salud varelense.<\/p>\n\n\n\n<p>\u201cRecibimos otra dotaci\u00f3n de respiradores y contabilizamos diecis\u00e9is nuevos dispositivos solo en el \u00faltimo mes. El fortalecimiento del sistema sanitario fue permanente a trav\u00e9s de un refuerzo constante de la estructura preexistente en el distrito\u201d, detall\u00f3 Watson.<\/p>\n\n\n\n<p>Funcionarios y autoridades coincidieron al calificar la articulaci\u00f3n entre los tres niveles de gesti\u00f3n como fundamental: aunar fuerzas, compartir equipos y trabajar sin fisuras para fortalecer la infraestructura existente con nuevos insumos, equipamiento m\u00e1s elementos de protecci\u00f3n personal para los trabajadores.<\/p>\n\n\n\n<p>\u201cTanto el Estado nacional, como el provincial y el municipal est\u00e1n presentes para atender las demandas de la ciudadan\u00eda pero necesitan de la conciencia social en la comunidad en la ardua tarea de resguardar su salud\u201d, reflexion\u00f3 la m\u00e1xima autoridad distrital.<\/p>\n\n\n\n<p>El titular en la cartera de sanidad bonaerense remarc\u00f3 que su participaci\u00f3n en la videoconferencia para monitorear la situaci\u00f3n epidemiol\u00f3gica en el partido ratific\u00f3 la importancia de reforzar un entramado sanitario con todos los actores involucrados como el \u00fanico mecanismo efectivo en la ofensiva ante la pandemia.<\/p>\n\n\n\n<p>\u201cPudimos evitar el colapso en el sistema de salud, manteni\u00e9ndolo con una adecuada capacidad operativa m\u00e1s una ocupaci\u00f3n que permite garantizar la atenci\u00f3n de los infectados. Un esfuerzo que vali\u00f3 la pena y que debemos sostener el tiempo\u201d, afirm\u00f3 Gollan.<\/p>\n\n\n\n<p>Por \u00faltimo, subray\u00f3 la importancia de enfocar la intervenci\u00f3n territorial en la detecci\u00f3n de casos mediante un despliegue multidisciplinario en los barrios varelenses tras supervisar la labor de los promotores sanitarios en Villa Argentina.<\/p>\n\n\n\n<p>En sinton\u00eda, Medina afirm\u00f3: \u201cla b\u00fasqueda de personas sintom\u00e1ticas, casa por casa, es un aspecto vital en la estrategia trat\u00e1ndose de vecinos y vecinas que probablemente no asistan a un centro de salud si los s\u00edntomas son leves o propios de todos los inviernos\u201d.<\/p>\n\n\n\n<p>Posteriormente, insisti\u00f3 en el valor del aislamiento para evitar el contagio intrafamiliar para \u201cno poner en riesgo a los convivientes en un mismo hogar ni a la comunidad m\u00e1s pr\u00f3xima\u201d.&nbsp;<\/p>\n","protected":false},"excerpt":{"rendered":"<p>El intendente Andr\u00e9s Watson desarroll\u00f3 una intensa jornada de trabajo en el marco de las&#8230;<\/p>\n","protected":false},"author":1,"featured_media":59656,"comment_status":"open","ping_status":"open","sticky":false,"template":"","format":"standard","meta":{"footnotes":""},"categories":[31],"tags":[],"class_list":["post-6311","post","type-post","status-publish","format-standard","has-post-thumbnail","hentry","category-salud"],"_links":{"self":[{"href":"https:\/\/conurbanodiario.com.ar\/index.php?rest_route=\/wp\/v2\/posts\/6311","targetHints":{"allow":["GET"]}}],"collection":[{"href":"https:\/\/conurbanodiario.com.ar\/index.php?rest_route=\/wp\/v2\/posts"}],"about":[{"href":"https:\/\/conurbanodiario.com.ar\/index.php?rest_route=\/wp\/v2\/types\/post"}],"author":[{"embeddable":true,"href":"https:\/\/conurbanodiario.com.ar\/index.php?rest_route=\/wp\/v2\/users\/1"}],"replies":[{"embeddable":true,"href":"https:\/\/conurbanodiario.com.ar\/index.php?rest_route=%2Fwp%2Fv2%2Fcomments&post=6311"}],"version-history":[{"count":1,"href":"https:\/\/conurbanodiario.com.ar\/index.php?rest_route=\/wp\/v2\/posts\/6311\/revisions"}],"predecessor-version":[{"id":6313,"href":"https:\/\/conurbanodiario.com.ar\/index.php?rest_route=\/wp\/v2\/posts\/6311\/revisions\/6313"}],"wp:featuredmedia":[{"embeddable":true,"href":"https:\/\/conurbanodiario.com.ar\/index.php?rest_route=\/wp\/v2\/media\/59656"}],"wp:attachment":[{"href":"https:\/\/conurbanodiario.com.ar\/index.php?rest_route=%2Fwp%2Fv2%2Fmedia&parent=6311"}],"wp:term":[{"taxonomy":"category","embeddable":true,"href":"https:\/\/conurbanodiario.com.ar\/index.php?rest_route=%2Fwp%2Fv2%2Fcategories&post=6311"},{"taxonomy":"post_tag","embeddable":true,"href":"https:\/\/conurbanodiario.com.ar\/index.php?rest_route=%2Fwp%2Fv2%2Ftags&post=6311"}],"curies":[{"name":"wp","href":"https:\/\/api.w.org\/{rel}","templated":true}]}}