{"id":6305,"date":"2020-07-19T01:37:25","date_gmt":"2020-07-19T04:37:25","guid":{"rendered":"http:\/\/conurbanodiario.com.ar\/?p=6305"},"modified":"2020-07-22T14:48:41","modified_gmt":"2020-07-22T17:48:41","slug":"kicillof-se-reunio-con-cientificos-e-intendentes-de-la-provincia","status":"publish","type":"post","link":"https:\/\/conurbanodiario.com.ar\/?p=6305","title":{"rendered":"KICILLOF SE REUNI\u00d3 CON CIENT\u00cdFICOS E INTENDENTES DE LA PROVINCIA"},"content":{"rendered":"\n<p><strong>En v\u00edsperas del inicio de una nueva etapa del aislamiento social, preventivo y obligatorio para seguir haci\u00e9ndole frente a la pandemia de COVID-19, el Gobernador de la provincia de Buenos Aires, Axel Kicillof, se reuni\u00f3 -por videoconferencia- con el Comit\u00e9 de expertos en materia sanitaria y con m\u00e1s de 50 intendentes, entre los que se encontr\u00f3 el jefe comunal de Berazategui, Juan Jos\u00e9 Mussi.<\/strong><\/p>\n\n\n\n<p>El objetivo fue analizar la situaci\u00f3n epidemiol\u00f3gica de la regi\u00f3n y determinar las medidas que comenzar\u00e1n a implementarse a partir de este s\u00e1bado.<\/p>\n\n\n\n<p>En este marco, el Gobernador, quien estuvo acompa\u00f1ado de manera presencial por su jefe de Gabinete, Carlos Bianco; su ministro de Salud, Daniel Gollan; y el viceministro Nicol\u00e1s Kreplak, destac\u00f3: \u201cComo Estado tenemos la responsabilidad de no dejar que el aislamiento se regule autom\u00e1ticamente. Con la presencia del Estado, nuestra cuarentena ha sido profundamente equitativa, igualitaria y justa\u201d.<\/p>\n\n\n\n<p>Adem\u00e1s, Kicillof brind\u00f3 detalles sobre el trabajo que se viene desarrollando en la Provincia en la actual coyuntura de emergencia sanitaria. \u201cContinuamos ampliando la cantidad de camas de terapia intensiva. La capacidad disponible es hoy mayor que cuando iniciamos la cuarentena\u201d, explic\u00f3.<\/p>\n\n\n\n<p>Asimismo, el Mandatario bonaerense resalt\u00f3 que \u201ctambi\u00e9n ampliamos nuestra capacidad de testeo y de rastreo de contactos estrechos de cada caso. Hemos sofisticado el sistema de aislamiento de pacientes leves en Centros extrahospitalarios\u201d, y \u201cse contin\u00faa trabajando sobre la fase de experimentaci\u00f3n del tratamiento con plasma de pacientes recuperados\u201d.<\/p>\n\n\n\n<p>En este sentido, Gollan analiz\u00f3 los datos reportados con respecto al uso de plasma. \u201cEstamos viendo emp\u00edricamente que muchos pacientes mejoran y con mucha rapidez\u201d, se\u00f1al\u00f3 y agreg\u00f3: \u201cEstamos mirando todos los indicadores para evitar la saturaci\u00f3n del sistema\u201d.<\/p>\n\n\n\n<p>Por su parte, Kreplak hizo hincapi\u00e9 en el buen funcionamiento del sistema centralizado, que permite asistir a los diferentes municipios de la provincia de Buenos Aires: \u201cEs un ejemplo de lo que estamos construyendo; no solo es el esfuerzo cuantitativo sino tambi\u00e9n el esfuerzo de organizaci\u00f3n, que nos permite seguir avanzando en la capacidad de respuesta\u201d, evalu\u00f3.<\/p>\n\n\n\n<p>Aunque de forma remota, el encuentro tambi\u00e9n cont\u00f3 con la participaci\u00f3n de la vicegobernadora Ver\u00f3nica Magario; el presidente de la C\u00e1mara de Diputados, Federico Oterm\u00edn; la ministra de Gobierno, Mar\u00eda Teresa Garc\u00eda; y m\u00e1s de 50 jefes comunales.<\/p>\n\n\n\n<p>En esta oportunidad, la reuni\u00f3n tuvo entre sus principales protagonistas al Comit\u00e9 de cient\u00edficos que asesoran al Gobernador para definir las medidas a adoptar y que se encuentra integrado por Rodrigo Quiroga, Jorge Rachid, Christian Panigardi, Juan Manuel Carballeda, Leonel Tesler, Rosa Bologna, Tom\u00e1s Orduna, Susana Ortale, Elisa Estenssoro, Irene Pagano, V\u00edctor Romanowski, Mar\u00eda Ana Huergo, Guillermo Docena, Jorge Rachid, Mar\u00eda Alejandra Morales, Sabino De Leo, Guillermo Dur\u00e1n, Alberto Kornblitt, Andrea Gamarnik, Jorge Aliaga, Jorge Geffner y Sebasti\u00e1n Uchitel.<\/p>\n\n\n\n<p>En sus intervenciones, los expertos coincidieron en la necesidad de reforzar el uso de tapaboca y las medidas de higiene. Adem\u00e1s, sugirieron continuar mejorando los sistemas de rastreo para aislar a los pacientes y sus contactos estrechos ante los primeros s\u00edntomas.<\/p>\n\n\n\n<p>Tambi\u00e9n participaron integrantes del Ministerio de Salud, quienes en el transcurso de la reuni\u00f3n se encargaron de proporcionar datos sobre cada una de sus \u00e1reas. Entre ellos, estuvo el director de Gesti\u00f3n del Conocimiento, Mario Rovere; la directora de Epidemiolog\u00eda, Teresa Varela; el jefe de Gabinete de Asesores, Enio Garc\u00eda; la subsecretaria de Salud Mental, Julieta Calmels; la subsecretaria de Gesti\u00f3n de la informaci\u00f3n, educaci\u00f3n permanente y fiscalizaci\u00f3n, Leticia Ceriani; y la asesora, Laura Mu\u00f1oz, adem\u00e1s del presidente de la CIC, Carlos Na\u00f3n, el presidente de IOMA, Homero Giles; y Federico Ag\u00fcero, del Ministerio de Producci\u00f3n, Ciencia y Tecnolog\u00eda.<\/p>\n","protected":false},"excerpt":{"rendered":"<p>En v\u00edsperas del inicio de una nueva etapa del aislamiento social, preventivo y obligatorio para&#8230;<\/p>\n","protected":false},"author":1,"featured_media":59656,"comment_status":"open","ping_status":"open","sticky":false,"template":"","format":"standard","meta":{"footnotes":""},"categories":[28],"tags":[],"class_list":["post-6305","post","type-post","status-publish","format-standard","has-post-thumbnail","hentry","category-la-provincia"],"_links":{"self":[{"href":"https:\/\/conurbanodiario.com.ar\/index.php?rest_route=\/wp\/v2\/posts\/6305","targetHints":{"allow":["GET"]}}],"collection":[{"href":"https:\/\/conurbanodiario.com.ar\/index.php?rest_route=\/wp\/v2\/posts"}],"about":[{"href":"https:\/\/conurbanodiario.com.ar\/index.php?rest_route=\/wp\/v2\/types\/post"}],"author":[{"embeddable":true,"href":"https:\/\/conurbanodiario.com.ar\/index.php?rest_route=\/wp\/v2\/users\/1"}],"replies":[{"embeddable":true,"href":"https:\/\/conurbanodiario.com.ar\/index.php?rest_route=%2Fwp%2Fv2%2Fcomments&post=6305"}],"version-history":[{"count":1,"href":"https:\/\/conurbanodiario.com.ar\/index.php?rest_route=\/wp\/v2\/posts\/6305\/revisions"}],"predecessor-version":[{"id":6307,"href":"https:\/\/conurbanodiario.com.ar\/index.php?rest_route=\/wp\/v2\/posts\/6305\/revisions\/6307"}],"wp:featuredmedia":[{"embeddable":true,"href":"https:\/\/conurbanodiario.com.ar\/index.php?rest_route=\/wp\/v2\/media\/59656"}],"wp:attachment":[{"href":"https:\/\/conurbanodiario.com.ar\/index.php?rest_route=%2Fwp%2Fv2%2Fmedia&parent=6305"}],"wp:term":[{"taxonomy":"category","embeddable":true,"href":"https:\/\/conurbanodiario.com.ar\/index.php?rest_route=%2Fwp%2Fv2%2Fcategories&post=6305"},{"taxonomy":"post_tag","embeddable":true,"href":"https:\/\/conurbanodiario.com.ar\/index.php?rest_route=%2Fwp%2Fv2%2Ftags&post=6305"}],"curies":[{"name":"wp","href":"https:\/\/api.w.org\/{rel}","templated":true}]}}