{"id":6302,"date":"2020-07-20T03:05:00","date_gmt":"2020-07-20T06:05:00","guid":{"rendered":"http:\/\/conurbanodiario.com.ar\/?p=6302"},"modified":"2020-07-22T14:49:25","modified_gmt":"2020-07-22T17:49:25","slug":"detienen-a-asaltantes-en-varela","status":"publish","type":"post","link":"https:\/\/conurbanodiario.com.ar\/?p=6302","title":{"rendered":"DETIENEN A ASALTANTES EN VARELA"},"content":{"rendered":"\n<p>La Estaci\u00f3n de Polic\u00eda Departamental de Florencio Varela inform\u00f3 que detuvo a las dos personas que, minutos antes, hab\u00edan asaltado a un vecino en las inmediaciones de Santa Mar\u00eda de Oro y Franklin de este distrito.<\/p>\n\n\n\n<p>El hecho ocurri\u00f3 aproximadamente a&nbsp; las 3:30 horas del s\u00e1bado, cuando la v\u00edctima fue despojada de sus pertenencias en v\u00eda p\u00fablica, tras ser amenazado con un arma de pu\u00f1o, la cual luego de ser aprehendidos los asaltes, result\u00f3 ser una r\u00e9plica.<\/p>\n\n\n\n<p>Un llamado al 911, convoc\u00f3 de inmediato a efectivos policiales, que lograron la detenci\u00f3n y reducci\u00f3n de los asaltantes, ambos mayores de edad, que fueron trasladados a la seccional segunda para ponerlos a disposici\u00f3n de la Justicia.<\/p>\n","protected":false},"excerpt":{"rendered":"<p>La Estaci\u00f3n de Polic\u00eda Departamental de Florencio Varela inform\u00f3 que detuvo a las dos personas&#8230;<\/p>\n","protected":false},"author":1,"featured_media":59656,"comment_status":"open","ping_status":"open","sticky":false,"template":"","format":"standard","meta":{"footnotes":""},"categories":[10],"tags":[],"class_list":["post-6302","post","type-post","status-publish","format-standard","has-post-thumbnail","hentry","category-seguridad"],"_links":{"self":[{"href":"https:\/\/conurbanodiario.com.ar\/index.php?rest_route=\/wp\/v2\/posts\/6302","targetHints":{"allow":["GET"]}}],"collection":[{"href":"https:\/\/conurbanodiario.com.ar\/index.php?rest_route=\/wp\/v2\/posts"}],"about":[{"href":"https:\/\/conurbanodiario.com.ar\/index.php?rest_route=\/wp\/v2\/types\/post"}],"author":[{"embeddable":true,"href":"https:\/\/conurbanodiario.com.ar\/index.php?rest_route=\/wp\/v2\/users\/1"}],"replies":[{"embeddable":true,"href":"https:\/\/conurbanodiario.com.ar\/index.php?rest_route=%2Fwp%2Fv2%2Fcomments&post=6302"}],"version-history":[{"count":1,"href":"https:\/\/conurbanodiario.com.ar\/index.php?rest_route=\/wp\/v2\/posts\/6302\/revisions"}],"predecessor-version":[{"id":6304,"href":"https:\/\/conurbanodiario.com.ar\/index.php?rest_route=\/wp\/v2\/posts\/6302\/revisions\/6304"}],"wp:featuredmedia":[{"embeddable":true,"href":"https:\/\/conurbanodiario.com.ar\/index.php?rest_route=\/wp\/v2\/media\/59656"}],"wp:attachment":[{"href":"https:\/\/conurbanodiario.com.ar\/index.php?rest_route=%2Fwp%2Fv2%2Fmedia&parent=6302"}],"wp:term":[{"taxonomy":"category","embeddable":true,"href":"https:\/\/conurbanodiario.com.ar\/index.php?rest_route=%2Fwp%2Fv2%2Fcategories&post=6302"},{"taxonomy":"post_tag","embeddable":true,"href":"https:\/\/conurbanodiario.com.ar\/index.php?rest_route=%2Fwp%2Fv2%2Ftags&post=6302"}],"curies":[{"name":"wp","href":"https:\/\/api.w.org\/{rel}","templated":true}]}}