{"id":6300,"date":"2020-07-20T03:06:00","date_gmt":"2020-07-20T06:06:00","guid":{"rendered":"http:\/\/conurbanodiario.com.ar\/?p=6300"},"modified":"2020-07-19T02:07:20","modified_gmt":"2020-07-19T05:07:20","slug":"reapertura-de-curso-online-con-certificacion-oficial","status":"publish","type":"post","link":"https:\/\/conurbanodiario.com.ar\/?p=6300","title":{"rendered":"REAPERTURA DE CURSO ONLINE CON CERTIFICACI\u00d3N OFICIAL"},"content":{"rendered":"\n<p>Como consecuencia del inminente \u00e9xito de la primera edici\u00f3n, la Municipalidad de Florencio Varela, decidi\u00f3 brindar un nuevo curso de manipulaci\u00f3n de alimentos. Cuenta con cupos limitados y su inscripci\u00f3n comienza este 20 de julio.<\/p>\n\n\n\n<p><br>Las clases empezar\u00e1n el lunes 3 de agosto a las 10:00, mediante la plataforma ZOOM para videoconferencias.<\/p>\n\n\n\n<p>Se idearon unidades tem\u00e1ticas sobre cuestiones inherentes a la tarea para analizar junto a los y las estudiantes y se estipul\u00f3 una capacitaci\u00f3n dividida en encuentros virtuales semanales de dos horas.<\/p>\n\n\n\n<p>El objetivo principal es comprender la responsabilidad asociada a lamanipulaci\u00f3n de los alimentos y concientizar su importancia dentro de lacadena alimentaria.<\/p>\n\n\n\n<p>Se distinguir\u00e1 a los egresados con un certificado oficial, expedido por la Municipalidad de Florencio Varela junto al Ministerio de Desarrollo Agrario de la Provincia de Buenos Aires.<\/p>\n\n\n\n<p>Seg\u00fan el cronograma de cursada, reservaron la \u00faltima clase para la instancia de evaluaci\u00f3n y determinar qu\u00e9 participantes superaron satisfactoriamente el examen, tras cumplir con la aprobaci\u00f3n de los contenidos imprescindibles del seminario.<\/p>\n\n\n\n<p>Para poder inscribirse los alumnos deber\u00e1n llamaral 0800-999-1234 &#8211; opci\u00f3n 2, de 08 a 16 hs y, ante cualquier inquietud, escribir a <a href=\"mailto:produccion@florenciovarela.gov.ar\">produccion@florenciovarela.gov.ar<\/a> o comunicarse al 4237-1601 int. 2701.<\/p>\n","protected":false},"excerpt":{"rendered":"<p>Como consecuencia del inminente \u00e9xito de la primera edici\u00f3n, la Municipalidad de Florencio Varela, decidi\u00f3&#8230;<\/p>\n","protected":false},"author":1,"featured_media":59656,"comment_status":"open","ping_status":"open","sticky":false,"template":"","format":"standard","meta":{"footnotes":""},"categories":[3],"tags":[],"class_list":["post-6300","post","type-post","status-publish","format-standard","has-post-thumbnail","hentry","category-informacion-general"],"_links":{"self":[{"href":"https:\/\/conurbanodiario.com.ar\/index.php?rest_route=\/wp\/v2\/posts\/6300","targetHints":{"allow":["GET"]}}],"collection":[{"href":"https:\/\/conurbanodiario.com.ar\/index.php?rest_route=\/wp\/v2\/posts"}],"about":[{"href":"https:\/\/conurbanodiario.com.ar\/index.php?rest_route=\/wp\/v2\/types\/post"}],"author":[{"embeddable":true,"href":"https:\/\/conurbanodiario.com.ar\/index.php?rest_route=\/wp\/v2\/users\/1"}],"replies":[{"embeddable":true,"href":"https:\/\/conurbanodiario.com.ar\/index.php?rest_route=%2Fwp%2Fv2%2Fcomments&post=6300"}],"version-history":[{"count":1,"href":"https:\/\/conurbanodiario.com.ar\/index.php?rest_route=\/wp\/v2\/posts\/6300\/revisions"}],"predecessor-version":[{"id":6318,"href":"https:\/\/conurbanodiario.com.ar\/index.php?rest_route=\/wp\/v2\/posts\/6300\/revisions\/6318"}],"wp:featuredmedia":[{"embeddable":true,"href":"https:\/\/conurbanodiario.com.ar\/index.php?rest_route=\/wp\/v2\/media\/59656"}],"wp:attachment":[{"href":"https:\/\/conurbanodiario.com.ar\/index.php?rest_route=%2Fwp%2Fv2%2Fmedia&parent=6300"}],"wp:term":[{"taxonomy":"category","embeddable":true,"href":"https:\/\/conurbanodiario.com.ar\/index.php?rest_route=%2Fwp%2Fv2%2Fcategories&post=6300"},{"taxonomy":"post_tag","embeddable":true,"href":"https:\/\/conurbanodiario.com.ar\/index.php?rest_route=%2Fwp%2Fv2%2Ftags&post=6300"}],"curies":[{"name":"wp","href":"https:\/\/api.w.org\/{rel}","templated":true}]}}