{"id":6294,"date":"2020-07-17T03:09:00","date_gmt":"2020-07-17T06:09:00","guid":{"rendered":"http:\/\/conurbanodiario.com.ar\/?p=6294"},"modified":"2020-07-16T20:08:25","modified_gmt":"2020-07-16T23:08:25","slug":"en-florencio-varela-activos-desde-casa-al-ritmo-del-2-x-4","status":"publish","type":"post","link":"https:\/\/conurbanodiario.com.ar\/?p=6294","title":{"rendered":"EN FLORENCIO VARELA, ACTIVOS DESDE CASA AL RITMO DEL 2 X 4"},"content":{"rendered":"\n<p>El 11 de julio, se conmemor\u00f3 el D\u00eda Nacional del Bandone\u00f3n, declarado por el Congreso Nacional, mediante la <strong>Ley 26.035. Dicha fecha se eligi\u00f3 por el nacimiento de An\u00edbal Troilo, el \u201cBandone\u00f3n Mayor de Buenos Aires\u201d.<\/strong><\/p>\n\n\n\n<p><strong>Si cada vez que lo escuch\u00e1s no dej\u00e1s de tararear sus melod\u00edas y sos un apasionado del 2 x 4, no te pod\u00e9s perder el ciclo Cuarenteando Tangos en el que, en esta oportunidad, el artista Cesar Tossi har\u00e1 un breve repaso por toda la obra de Troilo.<\/strong><\/p>\n\n\n\n<p><strong>Se transmitir\u00e1 el pr\u00f3ximo s\u00e1bado 18, online desde las 20:30 horas, por la p\u00e1gina oficial de la red social facebook de la <\/strong>secretar\u00eda de Cultura, Deportes y Recreaci\u00f3n de la comuna.<\/p>\n\n\n\n<p>En este show a distancia, adem\u00e1s de deleitarte con las canciones tambi\u00e9n podr\u00e1s pedir tu tema, ya que Tossi conceder\u00e1 los pedidos del p\u00fablico. Esta es sin duda una excelente oportunidad para disfrutar y entretenerte en estos d\u00edas de aislamiento social, preventivo y obligatorio.<\/p>\n\n\n\n<p><strong>La importancia de \u201cPichuco\u201d en el tango<\/strong><\/p>\n\n\n\n<p>Naci\u00f3 el 11 de julio de 1914 en el barrio del Abasto. Sobre su apodo, que lo acompa\u00f1\u00f3 desde ni\u00f1o, cont\u00f3: \u00abmi padre ten\u00eda un amigo a quien llamaban Pichuco. Sobre mis primeras l\u00e1grimas de ni\u00f1o, con su dulzura de hombre, acaso feliz mi padre trat\u00f3 de calmarme: &#8216;Bueno,.. Pichuco&#8230; bueno&#8217;. Y me qued\u00f3 para siempre\u00bb.<\/p>\n\n\n\n<p>El 1ro. de julio de 1937 debut\u00f3, con su propia orquesta, en la boite Marab\u00fa. Un cartel anunciaba: \u00abTodo el mundo al Marab\u00fa, la boite de m\u00e1s alto rango, donde Pichuco y su orquesta har\u00e1n bailar buenos tangos\u00bb.<\/p>\n\n\n\n<p><strong>An\u00edbal Troilo cre\u00f3 cerca de 60 tangos, instrumentales y cantados, que forman parte del patrimonio de la m\u00fasica ciudadana. Se han hecho innumerables versiones de sus obras.<\/strong><\/p>\n\n\n\n<p><strong>Le puso m\u00fasica a<\/strong><strong>&nbsp;<\/strong><em>Barrio de tango<\/em><strong>,<\/strong><strong>&nbsp;<\/strong><em>Che bandone\u00f3n<\/em><strong>,&nbsp;<\/strong><em>Sur, Romance de barrio<\/em><strong>,<\/strong><strong>&nbsp;<\/strong><em>Desencuentro<\/em><strong>,<\/strong><strong>&nbsp;<\/strong><em>La \u00faltima curda<\/em><strong>,<\/strong><strong>&nbsp;<\/strong><em>Mar\u00eda,<\/em><strong>&nbsp;<\/strong><em>Gar\u00faa,<\/em><strong>&nbsp;<\/strong><strong><em>Pa\u2019 que bailen los muchachos, Discepol\u00edn<\/em><\/strong><em>,<\/em><em>&nbsp;<\/em>entre otras obras que compuso junto a poetas como Homero Manzi, C\u00e1tulo Castillo, Enrique Cad\u00edcamo, Jos\u00e9 Mar\u00eda Contursi.<\/p>\n\n\n\n<p>Entre tantas, \u00abPichuco\u00bb compuso un tema musical para que Disc\u00e9polo le pusiera sus versos:&nbsp;<strong>Mi tango triste<\/strong><strong>.&nbsp;<\/strong><\/p>\n\n\n\n<p><strong>Adem\u00e1s, fue impulsor de grandes int\u00e9rpretes y qued\u00f3 grabada en la historia la inolvidable dupla con el \u00abPolaco\u00bb Goyeneche. <\/strong><strong><\/strong><\/p>\n\n\n\n<p>*Datos biogr\u00e1ficos extra\u00eddos de la siguiente fuente: <a href=\"https:\/\/www.cultura.gob.ar\/\">https:\/\/www.cultura.gob.ar<\/a><\/p>\n","protected":false},"excerpt":{"rendered":"<p>El 11 de julio, se conmemor\u00f3 el D\u00eda Nacional del Bandone\u00f3n, declarado por el Congreso&#8230;<\/p>\n","protected":false},"author":1,"featured_media":59656,"comment_status":"open","ping_status":"open","sticky":false,"template":"","format":"standard","meta":{"footnotes":""},"categories":[8],"tags":[],"class_list":["post-6294","post","type-post","status-publish","format-standard","has-post-thumbnail","hentry","category-cultura"],"_links":{"self":[{"href":"https:\/\/conurbanodiario.com.ar\/index.php?rest_route=\/wp\/v2\/posts\/6294","targetHints":{"allow":["GET"]}}],"collection":[{"href":"https:\/\/conurbanodiario.com.ar\/index.php?rest_route=\/wp\/v2\/posts"}],"about":[{"href":"https:\/\/conurbanodiario.com.ar\/index.php?rest_route=\/wp\/v2\/types\/post"}],"author":[{"embeddable":true,"href":"https:\/\/conurbanodiario.com.ar\/index.php?rest_route=\/wp\/v2\/users\/1"}],"replies":[{"embeddable":true,"href":"https:\/\/conurbanodiario.com.ar\/index.php?rest_route=%2Fwp%2Fv2%2Fcomments&post=6294"}],"version-history":[{"count":1,"href":"https:\/\/conurbanodiario.com.ar\/index.php?rest_route=\/wp\/v2\/posts\/6294\/revisions"}],"predecessor-version":[{"id":6296,"href":"https:\/\/conurbanodiario.com.ar\/index.php?rest_route=\/wp\/v2\/posts\/6294\/revisions\/6296"}],"wp:featuredmedia":[{"embeddable":true,"href":"https:\/\/conurbanodiario.com.ar\/index.php?rest_route=\/wp\/v2\/media\/59656"}],"wp:attachment":[{"href":"https:\/\/conurbanodiario.com.ar\/index.php?rest_route=%2Fwp%2Fv2%2Fmedia&parent=6294"}],"wp:term":[{"taxonomy":"category","embeddable":true,"href":"https:\/\/conurbanodiario.com.ar\/index.php?rest_route=%2Fwp%2Fv2%2Fcategories&post=6294"},{"taxonomy":"post_tag","embeddable":true,"href":"https:\/\/conurbanodiario.com.ar\/index.php?rest_route=%2Fwp%2Fv2%2Ftags&post=6294"}],"curies":[{"name":"wp","href":"https:\/\/api.w.org\/{rel}","templated":true}]}}