{"id":6288,"date":"2020-07-20T03:42:00","date_gmt":"2020-07-20T06:42:00","guid":{"rendered":"http:\/\/conurbanodiario.com.ar\/?p=6288"},"modified":"2020-07-16T19:46:58","modified_gmt":"2020-07-16T22:46:58","slug":"aumento-un-2-la-cantidad-de-locales-cerrados-en-la-ciudad-y-ya-casi-llega-a-uno-de-cada-cuatro","status":"publish","type":"post","link":"https:\/\/conurbanodiario.com.ar\/?p=6288","title":{"rendered":"AUMENT\u00d3 UN 2% LA CANTIDAD DE LOCALES CERRADOS EN LA CIUDAD Y YA CASI LLEGA A UNO DE CADA CUATRO"},"content":{"rendered":"\n<p>La cantidad de comercios que debieron bajar definitivamente sus persianas desde que la pandemia de coronavirus lleg\u00f3 al pa\u00eds asciende hasta ahora al 22% del total en el \u00e1mbito de la Ciudad Aut\u00f3noma de Buenos Aires, lo que equivale a 24.200 pymes, seg\u00fan los \u00faltimos datos de la Federaci\u00f3n de Comercio e Industria (Fecoba).<\/p>\n\n\n\n<p>De esta manera, en las \u00faltimas semanas se aceler\u00f3 el nivel de cierres definitivo y mostr\u00f3 un incremento de 2% en relaci\u00f3n con el \u00faltimo registro, de hace exactamente un mes, lo que implica que casi uno de cada cuatro comercios porte\u00f1os debi\u00f3 bajar sus persianas en lo que va de la pandemia.<\/p>\n\n\n\n<p>\u00abEl proceso de cierre no se detuvo pese a las perspectivas de reapertura\u00bb, se\u00f1al\u00f3 el titular de Fecoba, Fabi\u00e1n Castillo, en el marco de una reuni\u00f3n virtual del comit\u00e9 de crisis de la entidad.<\/p>\n\n\n\n<p>Seg\u00fan se inform\u00f3, \u00abla imposibilidad de seguir afrontando costos fijos y la incertidumbre en torno de una eventual recuperaci\u00f3n generaron la inviabilidad de muchos comercios\u00bb.<\/p>\n\n\n\n<p>Castillo manifest\u00f3, adem\u00e1s, su preocupaci\u00f3n por la etapa que viene: \u00abLa eventual reapertura comercial de los locales de proximidad puede traer algo de alivio, pero nos vamos a encontrar con un mercado tan deprimido que podemos advertir que el cierre definitivo de comercios no se detendr\u00e1\u00bb.<\/p>\n","protected":false},"excerpt":{"rendered":"<p>La cantidad de comercios que debieron bajar definitivamente sus persianas desde que la pandemia de&#8230;<\/p>\n","protected":false},"author":1,"featured_media":59656,"comment_status":"open","ping_status":"open","sticky":false,"template":"","format":"standard","meta":{"footnotes":""},"categories":[5],"tags":[],"class_list":["post-6288","post","type-post","status-publish","format-standard","has-post-thumbnail","hentry","category-el-pais"],"_links":{"self":[{"href":"https:\/\/conurbanodiario.com.ar\/index.php?rest_route=\/wp\/v2\/posts\/6288","targetHints":{"allow":["GET"]}}],"collection":[{"href":"https:\/\/conurbanodiario.com.ar\/index.php?rest_route=\/wp\/v2\/posts"}],"about":[{"href":"https:\/\/conurbanodiario.com.ar\/index.php?rest_route=\/wp\/v2\/types\/post"}],"author":[{"embeddable":true,"href":"https:\/\/conurbanodiario.com.ar\/index.php?rest_route=\/wp\/v2\/users\/1"}],"replies":[{"embeddable":true,"href":"https:\/\/conurbanodiario.com.ar\/index.php?rest_route=%2Fwp%2Fv2%2Fcomments&post=6288"}],"version-history":[{"count":1,"href":"https:\/\/conurbanodiario.com.ar\/index.php?rest_route=\/wp\/v2\/posts\/6288\/revisions"}],"predecessor-version":[{"id":6290,"href":"https:\/\/conurbanodiario.com.ar\/index.php?rest_route=\/wp\/v2\/posts\/6288\/revisions\/6290"}],"wp:featuredmedia":[{"embeddable":true,"href":"https:\/\/conurbanodiario.com.ar\/index.php?rest_route=\/wp\/v2\/media\/59656"}],"wp:attachment":[{"href":"https:\/\/conurbanodiario.com.ar\/index.php?rest_route=%2Fwp%2Fv2%2Fmedia&parent=6288"}],"wp:term":[{"taxonomy":"category","embeddable":true,"href":"https:\/\/conurbanodiario.com.ar\/index.php?rest_route=%2Fwp%2Fv2%2Fcategories&post=6288"},{"taxonomy":"post_tag","embeddable":true,"href":"https:\/\/conurbanodiario.com.ar\/index.php?rest_route=%2Fwp%2Fv2%2Ftags&post=6288"}],"curies":[{"name":"wp","href":"https:\/\/api.w.org\/{rel}","templated":true}]}}