{"id":6258,"date":"2020-07-18T02:47:00","date_gmt":"2020-07-18T05:47:00","guid":{"rendered":"http:\/\/conurbanodiario.com.ar\/?p=6258"},"modified":"2020-07-16T02:54:31","modified_gmt":"2020-07-16T05:54:31","slug":"mercado-activo-continuan-las-promociones-en-heladerias-varelenses","status":"publish","type":"post","link":"https:\/\/conurbanodiario.com.ar\/?p=6258","title":{"rendered":"MERCADO ACTIVO: CONTIN\u00daAN LAS PROMOCIONES EN HELADER\u00cdAS VARELENSES"},"content":{"rendered":"\n<p><strong>Mercado Activo, iniciativa del intendente Andr\u00e9s Watson, reabre promociones en helader\u00edas adheridas al programa, para apoyar a los comercios locales.Es una buena oportunidad para deleitarse con deliciosos helados, al mejor precio.<\/strong><\/p>\n\n\n\n<p><strong>&#8211; Vanshelato: <\/strong>Lunes: 1 kg. (vainilla, frutilla y dulce de leche) &#8211; $400. Mi\u00e9rcoles: 2&#215;1 kg. de helado, gustos a elecci\u00f3n. Viernes: 3&#215;2 en 1\/4 kg. S\u00e1bados y domingos: Compr\u00e1 1 kg. y llevate 1\/2 de regalo.<\/p>\n\n\n\n<p>Contreras N\u00ba 110<\/p>\n\n\n\n<p><strong>&#8211; V\u00eca Cosenza: <\/strong>Martes: 3&#215;2 en 1\/2 kg. Jueves: 3&#215;2 en 1\/4 kg. Viernes, s\u00e1bados y domingos: 3 tartines a elecci\u00f3n de pasticceria &#8211; $490. Todos los d\u00edas: 2 kg. helado &#8211; $1100.&nbsp;<\/p>\n\n\n\n<p>Espa\u00f1a N\u00ba 2978<\/p>\n\n\n\n<p><strong>&#8211; El Piave: <\/strong>Lunes: Compr\u00e1 1 kg. y llevate 1\/2 de regalo. Martes: 3&#215;2 en 1\/4 kg. Mi\u00e9rcoles: 3&#215;2 en porciones de torta. Jueves: 20% descuento en postres helados. Viernes: 20% descuento en tortas enteras.<\/p>\n\n\n\n<p>Mitre N\u00ba 87<\/p>\n\n\n\n<p><strong>&#8211; Helader\u00eda Artesanal Buenos Aires: <\/strong>Lunes, mi\u00e9rcoles y viernes: Compr\u00e1 1 kg. y llevate 1\/4 de regalo.<\/p>\n\n\n\n<p>Calle 1282 N\u00b0 478<\/p>\n\n\n\n<p>Para m\u00e1s informaci\u00f3n ingresar a <a href=\"http:\/\/www.varela.gov.ar\/mercadoactivo\/\">http:\/\/www.varela.gov.ar\/mercadoactivo\/<\/a><\/p>\n","protected":false},"excerpt":{"rendered":"<p>Mercado Activo, iniciativa del intendente Andr\u00e9s Watson, reabre promociones en helader\u00edas adheridas al programa, para&#8230;<\/p>\n","protected":false},"author":1,"featured_media":59656,"comment_status":"open","ping_status":"open","sticky":false,"template":"","format":"standard","meta":{"footnotes":""},"categories":[3],"tags":[],"class_list":["post-6258","post","type-post","status-publish","format-standard","has-post-thumbnail","hentry","category-informacion-general"],"_links":{"self":[{"href":"https:\/\/conurbanodiario.com.ar\/index.php?rest_route=\/wp\/v2\/posts\/6258","targetHints":{"allow":["GET"]}}],"collection":[{"href":"https:\/\/conurbanodiario.com.ar\/index.php?rest_route=\/wp\/v2\/posts"}],"about":[{"href":"https:\/\/conurbanodiario.com.ar\/index.php?rest_route=\/wp\/v2\/types\/post"}],"author":[{"embeddable":true,"href":"https:\/\/conurbanodiario.com.ar\/index.php?rest_route=\/wp\/v2\/users\/1"}],"replies":[{"embeddable":true,"href":"https:\/\/conurbanodiario.com.ar\/index.php?rest_route=%2Fwp%2Fv2%2Fcomments&post=6258"}],"version-history":[{"count":1,"href":"https:\/\/conurbanodiario.com.ar\/index.php?rest_route=\/wp\/v2\/posts\/6258\/revisions"}],"predecessor-version":[{"id":6261,"href":"https:\/\/conurbanodiario.com.ar\/index.php?rest_route=\/wp\/v2\/posts\/6258\/revisions\/6261"}],"wp:featuredmedia":[{"embeddable":true,"href":"https:\/\/conurbanodiario.com.ar\/index.php?rest_route=\/wp\/v2\/media\/59656"}],"wp:attachment":[{"href":"https:\/\/conurbanodiario.com.ar\/index.php?rest_route=%2Fwp%2Fv2%2Fmedia&parent=6258"}],"wp:term":[{"taxonomy":"category","embeddable":true,"href":"https:\/\/conurbanodiario.com.ar\/index.php?rest_route=%2Fwp%2Fv2%2Fcategories&post=6258"},{"taxonomy":"post_tag","embeddable":true,"href":"https:\/\/conurbanodiario.com.ar\/index.php?rest_route=%2Fwp%2Fv2%2Ftags&post=6258"}],"curies":[{"name":"wp","href":"https:\/\/api.w.org\/{rel}","templated":true}]}}