{"id":6192,"date":"2020-07-18T03:05:00","date_gmt":"2020-07-18T06:05:00","guid":{"rendered":"http:\/\/conurbanodiario.com.ar\/?p=6192"},"modified":"2020-07-16T00:01:55","modified_gmt":"2020-07-16T03:01:55","slug":"moron-incorporo-al-arquero-brian-mansilla","status":"publish","type":"post","link":"https:\/\/conurbanodiario.com.ar\/?p=6192","title":{"rendered":"MOR\u00d3N INCORPOR\u00d3 AL ARQUERO BRIAN MANSILLA"},"content":{"rendered":"\n<p>Deportivo Mor\u00f3n anunci\u00f3 la incorporaci\u00f3n del arquero Brian Mansilla, a la espera de la reanudaci\u00f3n de la Primera Nacional, suspendida a mediados de marzo por el coronavirus.<\/p>\n\n\n\n<p>El exMidland, donde fue titular durante 28 encuentros y recibi\u00f3 26 goles en la Primera C, firm\u00f3 su v\u00ednculo por tres temporadas.<\/p>\n\n\n\n<p>De esta manera, el \u00abGallo\u00bb del Oeste consigui\u00f3 un refuerzo para ocupar los puestos dejados por Bruno Galv\u00e1n y Tom\u00e1s Catelli en el banco de suplentes, ya que el titular es Julio Salv\u00e1.<\/p>\n\n\n\n<p>Mansilla se sum\u00f3 a los llegados Luciano Guaycochea, el delantero Alan Salvador y el lateral Alan Sch\u00f6nfeld, los \u00faltimos dos tambi\u00e9n procedentes de equipos de la Primera C.<\/p>\n\n\n\n<p>Mor\u00f3n se posiciona en el quinto puesto de la Zona A, con 32 puntos -los mismos que el cuarto Temperley- y pelea por un lugar en el Reducido por el segundo ascenso a la Liga Profesional.<\/p>\n\n\n\n<p>Por otro lado, el entrenador de Independiente Rivadavia de Mendoza, Mat\u00edas Minich, se alej\u00f3 de la instituci\u00f3n ante la asunci\u00f3n de una nueva Comisi\u00f3n Directiva.<\/p>\n\n\n\n<p>El DT estuvo al frente del equipo solamente 11 partidos (tres triunfos, cinco empates y tres derrotas) tras la salida de Luciano Theiler.<\/p>\n\n\n\n<p>Independiente tiene 23 unidades, lejos de los puestos del ascenso y a siete de Nueva Chicago, \u00faltimo de la competencia aunque en el caso de regresar no habr\u00e1 descensos.<\/p>\n\n\n\n<p>En el grupo B, Sarmiento de Jun\u00edn busca un delantero ante la inminente salida de Pablo Magn\u00edn, goleador de la categor\u00eda con 15, que espera por una oferta de Godoy Cruz de Mendoza y no renovar\u00eda con la instituci\u00f3n bonaerense.<\/p>\n","protected":false},"excerpt":{"rendered":"<p>Deportivo Mor\u00f3n anunci\u00f3 la incorporaci\u00f3n del arquero Brian Mansilla, a la espera de la reanudaci\u00f3n&#8230;<\/p>\n","protected":false},"author":1,"featured_media":59656,"comment_status":"open","ping_status":"open","sticky":false,"template":"","format":"standard","meta":{"footnotes":""},"categories":[32],"tags":[],"class_list":["post-6192","post","type-post","status-publish","format-standard","has-post-thumbnail","hentry","category-deportes"],"_links":{"self":[{"href":"https:\/\/conurbanodiario.com.ar\/index.php?rest_route=\/wp\/v2\/posts\/6192","targetHints":{"allow":["GET"]}}],"collection":[{"href":"https:\/\/conurbanodiario.com.ar\/index.php?rest_route=\/wp\/v2\/posts"}],"about":[{"href":"https:\/\/conurbanodiario.com.ar\/index.php?rest_route=\/wp\/v2\/types\/post"}],"author":[{"embeddable":true,"href":"https:\/\/conurbanodiario.com.ar\/index.php?rest_route=\/wp\/v2\/users\/1"}],"replies":[{"embeddable":true,"href":"https:\/\/conurbanodiario.com.ar\/index.php?rest_route=%2Fwp%2Fv2%2Fcomments&post=6192"}],"version-history":[{"count":1,"href":"https:\/\/conurbanodiario.com.ar\/index.php?rest_route=\/wp\/v2\/posts\/6192\/revisions"}],"predecessor-version":[{"id":6194,"href":"https:\/\/conurbanodiario.com.ar\/index.php?rest_route=\/wp\/v2\/posts\/6192\/revisions\/6194"}],"wp:featuredmedia":[{"embeddable":true,"href":"https:\/\/conurbanodiario.com.ar\/index.php?rest_route=\/wp\/v2\/media\/59656"}],"wp:attachment":[{"href":"https:\/\/conurbanodiario.com.ar\/index.php?rest_route=%2Fwp%2Fv2%2Fmedia&parent=6192"}],"wp:term":[{"taxonomy":"category","embeddable":true,"href":"https:\/\/conurbanodiario.com.ar\/index.php?rest_route=%2Fwp%2Fv2%2Fcategories&post=6192"},{"taxonomy":"post_tag","embeddable":true,"href":"https:\/\/conurbanodiario.com.ar\/index.php?rest_route=%2Fwp%2Fv2%2Ftags&post=6192"}],"curies":[{"name":"wp","href":"https:\/\/api.w.org\/{rel}","templated":true}]}}