{"id":61149,"date":"2023-05-30T01:03:00","date_gmt":"2023-05-30T04:03:00","guid":{"rendered":"https:\/\/conurbanodiario.com.ar\/?p=61149"},"modified":"2023-06-01T04:38:28","modified_gmt":"2023-06-01T07:38:28","slug":"mayra-firmo-un-nuevo-acuerdo-de-leasing-para-adquirir-15-vehiculos","status":"publish","type":"post","link":"https:\/\/conurbanodiario.com.ar\/?p=61149","title":{"rendered":"MAYRA FIRM\u00d3 UN NUEVO ACUERDO DE LEASING PARA ADQUIRIR 15 VEH\u00cdCULOS"},"content":{"rendered":"\n<p>La intendenta de Quilmes, Mayra Mendoza, firm\u00f3 un acuerdo de leasing, correspondiente a la \u201cL\u00ednea municipios bonaerenses 2023\u201d, con Juan Cuattromo, presidente de Banco Provincia, para la adquisici\u00f3n de 10 furgones Citro\u00ebn Berlingo y 5 furgones Ford que permitir\u00e1n seguir mejorando y optimizando los servicios y la atenci\u00f3n para los vecinos y vecinas del distrito.<\/p>\n\n\n\n<p>\u201cTerminamos de firmar un nuevo leasing desde el Municipio de Quilmes con el Banco Provincia. Un banco que desde la llegada del gobernador Axel Kicillof, a quien le estamos muy agradecidos, realmente est\u00e1 al servicio del pueblo de la provincia de Buenos Aires y, en este caso, de los Municipios, que trabajamos articuladamente para poder incorporar herramientas de trabajo\u201d, sostuvo Mayra.<\/p>\n\n\n\n<p>La Jefa comunal explic\u00f3: \u201cEn este \u00faltimo caso, ser\u00e1n camionetas, furgonetas, utilitarios que van a ayudar al desarrollo y a la descentralizaci\u00f3n del Municipio de Quilmes en las diferentes \u00e1reas: educaci\u00f3n, servicios p\u00fablicos, ambiente, \u00e1reas fundamentales que tienen que ver con diferentes aspectos de nuestra comunidad. Estas herramientas que estamos incorporando a trav\u00e9s del leasing del Banco Provincia nos van a permitir tener una mejor gesti\u00f3n y, por supuesto, llegar a dar respuestas y generar una mejor calidad de vida a nuestros vecinos y vecinas\u201d.<\/p>\n\n\n\n<p>Por su parte, Juan Cuattromo, se\u00f1al\u00f3: \u201cLo que Axel siempre nos dijo es que el Banco tiene que estar al servicio de su gente y la manera de hacerlo es ayudar a los municipios. Qu\u00e9 tipo de herramientas necesita cada municipio lo saben ustedes. Porque cada distrito tiene necesidades distintas, planteos distintos, maneras distintas de encarar la gesti\u00f3n y lo que nosotros podemos hacer es poner esta herramienta financiera para que puedan resolver esas necesidades.&nbsp; Asumimos el compromiso de poner todas nuestras herramientas a disposici\u00f3n para que ustedes puedan hacer lo que hacen todos los d\u00edas, que es trabajar para mejorar la calidad de vida de las vecinas y los vecinos\u00bb.<\/p>\n\n\n\n<p>La actividad se desarroll\u00f3 en Banco Provincia Casa Central (Bartolom\u00e9 Mitre 457, Ciudad Aut\u00f3noma de Buenos Aires) y cont\u00f3 con la presencia de Ariel Lieutier, presidente de Provincia Servicios Financieros; Valeria Dallera, presidenta de Provincia Leasing; y Carlos Bianco, jefe de Asesores del Gobernador de la provincia de Buenos Aires.<\/p>\n\n\n\n<p>Tambi\u00e9n participaron los intendentes Ricardo Casi (Col\u00f3n), Ra\u00fal Reyes (Coronel Dorrego), Alejandro Granados (Ezeiza), Roberto Caggiano (Jos\u00e9 C. Paz), Alberto Gelen\u00e9 (Las Flores) y Jos\u00e9 Luis Zara (Patagones), quienes firmaron sus respectivos acuerdos.<\/p>\n","protected":false},"excerpt":{"rendered":"<p>La intendenta de Quilmes, Mayra Mendoza, firm\u00f3 un acuerdo de leasing, correspondiente a la \u201cL\u00ednea&#8230;<\/p>\n","protected":false},"author":1,"featured_media":59656,"comment_status":"closed","ping_status":"closed","sticky":false,"template":"","format":"standard","meta":{"footnotes":""},"categories":[1,3],"tags":[],"class_list":["post-61149","post","type-post","status-publish","format-standard","has-post-thumbnail","hentry","category-noticia-del-dia","category-informacion-general"],"_links":{"self":[{"href":"https:\/\/conurbanodiario.com.ar\/index.php?rest_route=\/wp\/v2\/posts\/61149","targetHints":{"allow":["GET"]}}],"collection":[{"href":"https:\/\/conurbanodiario.com.ar\/index.php?rest_route=\/wp\/v2\/posts"}],"about":[{"href":"https:\/\/conurbanodiario.com.ar\/index.php?rest_route=\/wp\/v2\/types\/post"}],"author":[{"embeddable":true,"href":"https:\/\/conurbanodiario.com.ar\/index.php?rest_route=\/wp\/v2\/users\/1"}],"replies":[{"embeddable":true,"href":"https:\/\/conurbanodiario.com.ar\/index.php?rest_route=%2Fwp%2Fv2%2Fcomments&post=61149"}],"version-history":[{"count":1,"href":"https:\/\/conurbanodiario.com.ar\/index.php?rest_route=\/wp\/v2\/posts\/61149\/revisions"}],"predecessor-version":[{"id":61151,"href":"https:\/\/conurbanodiario.com.ar\/index.php?rest_route=\/wp\/v2\/posts\/61149\/revisions\/61151"}],"wp:featuredmedia":[{"embeddable":true,"href":"https:\/\/conurbanodiario.com.ar\/index.php?rest_route=\/wp\/v2\/media\/59656"}],"wp:attachment":[{"href":"https:\/\/conurbanodiario.com.ar\/index.php?rest_route=%2Fwp%2Fv2%2Fmedia&parent=61149"}],"wp:term":[{"taxonomy":"category","embeddable":true,"href":"https:\/\/conurbanodiario.com.ar\/index.php?rest_route=%2Fwp%2Fv2%2Fcategories&post=61149"},{"taxonomy":"post_tag","embeddable":true,"href":"https:\/\/conurbanodiario.com.ar\/index.php?rest_route=%2Fwp%2Fv2%2Ftags&post=61149"}],"curies":[{"name":"wp","href":"https:\/\/api.w.org\/{rel}","templated":true}]}}