{"id":61143,"date":"2023-05-30T13:24:26","date_gmt":"2023-05-30T16:24:26","guid":{"rendered":"https:\/\/conurbanodiario.com.ar\/?p=61143"},"modified":"2023-06-01T04:38:28","modified_gmt":"2023-06-01T07:38:28","slug":"rechazan-pedido-para-suspender-la-re-reeleccion-de-intendentes-en-las-paso-bonaerenses","status":"publish","type":"post","link":"https:\/\/conurbanodiario.com.ar\/?p=61143","title":{"rendered":"RECHAZAN PEDIDO PARA SUSPENDER LA RE-REELECCI\u00d3N DE INTENDENTES EN LAS PASO BONAERENSES"},"content":{"rendered":"\n<p>El presidente del bloque de diputados bonaerenses del Frente de Todos (FdT), C\u00e9sar Valicenti, rechaz\u00f3 hoy el pedido para suspender la re-reelecci\u00f3n de intendentes de la provincia de Buenos Aires en las primarias abiertas, simult\u00e1neas y obligatorias (PASO) formulado ayer ante la Corte Suprema de Justicia por el titular del partido Pol\u00edtica Abierta para la Integridad Social (PAIS), Oscar H\u00e9ctor Alva, al considerar que \u00abes el pueblo quien elige por voluntad a quienes los representan\u00bb.<\/p>\n\n\n\n<p>\u00abSiempre fuimos claros en nuestra postura: los intendentes que son reelegidos es porque su pueblo se siente representado por ellos\u00bb, dijo Valicenti y afirm\u00f3 que no cree \u00aben las limitaciones de los mandatos de los jefes comunales porque la gente los elige\u00bb.<\/p>\n\n\n\n<p>Ayer, el presidente del partido Pol\u00edtica Abierta para la Integridad Social (PAIS), Oscar H\u00e9ctor Alva, solicit\u00f3 a la Corte Suprema de Justicia que declare inconstitucional el art\u00edculo 4 de la ley 15.315 de la provincia de Buenos Aires que habilita la re-reelecci\u00f3n de intendentes, diputados y senadores para este a\u00f1o.<\/p>\n\n\n\n<p>Adem\u00e1s, pidi\u00f3 que el m\u00e1ximo tribunal dicte una medida cautelar para suspender la aplicaci\u00f3n de este art\u00edculo en las PASO que se realizar\u00e1n en la provincia el 13 de agosto \u00abhasta que se dicte la respectiva sentencia de fondo\u00bb.<\/p>\n\n\n\n<p>\u00abEl se\u00f1or Oscar H\u00e9ctor Alva como habitante de la Provincia de Buenos Aires entabla una acci\u00f3n declarativa de inconstitucionalidad contra la Provincia de Buenos Aires\u00bb, indica la demanda de 26 fojas a la cual tuvo acceso T\u00e9lam y detalla que \u00abel art\u00edculo 4 de la ley 15.315 es contrario a la aplicaci\u00f3n progresiva y no regresiva del principio republicano\u00bb.<\/p>\n\n\n\n<p>Para Valicenti, \u00ablas limitaciones a los diferentes actores de la democracia deber\u00eda ser para otros poderes, que se perpet\u00faan y van en contra de los intereses populares\u00bb y a\u00f1adi\u00f3 -en declaraciones a radio Provincia- que \u00abel Poder Judicial no representa las demandas de la sociedad y act\u00faa de manera oscura y escondida\u00bb.<\/p>\n\n\n\n<p>En esa l\u00ednea, asever\u00f3 que a algunos jueces \u00abno se les conoce las caras y sacan fallos que perjudican a su pueblo en su vida cotidiana\u00bb.<\/p>\n\n\n\n<p>En el mismo sentido, se manifest\u00f3 anoche el ministro de Seguridad, An\u00edbal Fern\u00e1ndez, quien plante\u00f3 -en declaraciones a C5N- que \u00abla ley que present\u00f3 el gobierno anterior (para limitar las reelecciones) es un sinsentido, es de una flagrante inconstitucional\u00bb.<\/p>\n\n\n\n<p>\u00abEn la convenci\u00f3n constituyente de 1994 de la provincia, de la que particip\u00e9, por decisi\u00f3n del doctor Eduardo Duhalde no se toc\u00f3 el cap\u00edtulo que habla del r\u00e9gimen municipal, por lo que esa legislaci\u00f3n tiene 89 a\u00f1os\u00bb, record\u00f3 el funcionario.<\/p>\n\n\n\n<p>\u00abAh\u00ed se se\u00f1ala que el mandato del concejal y el del intendente dura 4 a\u00f1os. Despu\u00e9s agrega que los conflictos entre el departamento Legislativo y el Ejecutivo, o entre municipios se dirimen en la Suprema Corte de Justicia de Buenos Aires\u00bb, asegur\u00f3 Fern\u00e1ndez.<\/p>\n\n\n\n<p>En se sentido, manifest\u00f3 que \u00abla Corte nacional ac\u00e1 no puede opinar\u00bb, reiter\u00f3 que \u00abla ley que se vot\u00f3 en el gobierno anterior es inconstitucional\u00bb y subray\u00f3 que \u00ablos intendentes pueden ser reelectos tantas veces como sea\u00bb.<\/p>\n\n\n\n<p>La ley que limitaba las reelecciones indefinidas se sancion\u00f3 en el a\u00f1o 2016, durante el gobierno de Mar\u00eda Eugenia Vidal, a partir de una propuesta del Frente Renovador, y determinaba que los jefes comunales s\u00f3lo pod\u00edan renovar sus mandatos una vez.<\/p>\n\n\n\n<p>Esa norma se modific\u00f3 en 2021 y, como las leyes no pueden ser retroactivas, los intendentes que estaban en ejercicio y que ya hab\u00edan sido reelegidos, cuentan con la chance de postularse para un mandato m\u00e1s dado que el primero de los dos per\u00edodos a contabilizar es el que comenz\u00f3 en 2019 y no el iniciado en 2015, como indicaba la norma original.<\/p>\n\n\n\n<p>As\u00ed, hay 91 alcaldes de los 135 que existen en la provincia que pueden postularse en los comicios de este a\u00f1o: 48 son de Juntos por el Cambio; 40 del Frente de Todos y tres pertenecen a partidos vecinales. <\/p>\n","protected":false},"excerpt":{"rendered":"<p>El presidente del bloque de diputados bonaerenses del Frente de Todos (FdT), C\u00e9sar Valicenti, rechaz\u00f3&#8230;<\/p>\n","protected":false},"author":1,"featured_media":59656,"comment_status":"closed","ping_status":"closed","sticky":false,"template":"","format":"standard","meta":{"footnotes":""},"categories":[35],"tags":[],"class_list":["post-61143","post","type-post","status-publish","format-standard","has-post-thumbnail","hentry","category-politica"],"_links":{"self":[{"href":"https:\/\/conurbanodiario.com.ar\/index.php?rest_route=\/wp\/v2\/posts\/61143","targetHints":{"allow":["GET"]}}],"collection":[{"href":"https:\/\/conurbanodiario.com.ar\/index.php?rest_route=\/wp\/v2\/posts"}],"about":[{"href":"https:\/\/conurbanodiario.com.ar\/index.php?rest_route=\/wp\/v2\/types\/post"}],"author":[{"embeddable":true,"href":"https:\/\/conurbanodiario.com.ar\/index.php?rest_route=\/wp\/v2\/users\/1"}],"replies":[{"embeddable":true,"href":"https:\/\/conurbanodiario.com.ar\/index.php?rest_route=%2Fwp%2Fv2%2Fcomments&post=61143"}],"version-history":[{"count":1,"href":"https:\/\/conurbanodiario.com.ar\/index.php?rest_route=\/wp\/v2\/posts\/61143\/revisions"}],"predecessor-version":[{"id":61145,"href":"https:\/\/conurbanodiario.com.ar\/index.php?rest_route=\/wp\/v2\/posts\/61143\/revisions\/61145"}],"wp:featuredmedia":[{"embeddable":true,"href":"https:\/\/conurbanodiario.com.ar\/index.php?rest_route=\/wp\/v2\/media\/59656"}],"wp:attachment":[{"href":"https:\/\/conurbanodiario.com.ar\/index.php?rest_route=%2Fwp%2Fv2%2Fmedia&parent=61143"}],"wp:term":[{"taxonomy":"category","embeddable":true,"href":"https:\/\/conurbanodiario.com.ar\/index.php?rest_route=%2Fwp%2Fv2%2Fcategories&post=61143"},{"taxonomy":"post_tag","embeddable":true,"href":"https:\/\/conurbanodiario.com.ar\/index.php?rest_route=%2Fwp%2Fv2%2Ftags&post=61143"}],"curies":[{"name":"wp","href":"https:\/\/api.w.org\/{rel}","templated":true}]}}