{"id":61137,"date":"2023-05-30T12:52:28","date_gmt":"2023-05-30T15:52:28","guid":{"rendered":"https:\/\/conurbanodiario.com.ar\/?p=61137"},"modified":"2023-06-01T04:38:28","modified_gmt":"2023-06-01T07:38:28","slug":"pruebas-aprender-2022-mejoraron-los-resultados-en-lengua-y-matematica-en-escuelas-bonaerenses","status":"publish","type":"post","link":"https:\/\/conurbanodiario.com.ar\/?p=61137","title":{"rendered":"PRUEBAS APRENDER 2022: MEJORARON LOS RESULTADOS EN LENGUA Y MATEM\u00c1TICA EN ESCUELAS BONAERENSES"},"content":{"rendered":"\n<p>El 75,9% de las y los estudiantes de sexto grado de la provincia de Buenos Aires que rindi\u00f3 las Pruebas Aprender en 2022 en el nivel primario alcanz\u00f3 los conocimientos esperados en Lengua y el 58,7% logr\u00f3 desempe\u00f1os satisfactorios o avanzados en Matem\u00e1tica.<\/p>\n\n\n\n<p>As\u00ed lo inform\u00f3 la Direcci\u00f3n General de Cultura y Educaci\u00f3n bonaerense, a trav\u00e9s de un comunicado, donde se precisa que la muestra estad\u00edstica surge de los resultados de m\u00e1s de 21.000 estudiantes que asisten a 479 escuelas.<\/p>\n\n\n\n<p>En Lengua, las y los estudiantes con desempe\u00f1o \u201caprobado\u201d pasaron de 56% en 2021 a 75,9% en 2022 (75,5% en 2018). En Matem\u00e1tica, este indicador pas\u00f3 de 54% en 2021 a 58,7% en 2022 (en 2018 este porcentaje fue de 56,4%).<\/p>\n\n\n\n<p>\u00abEsa mejora sustantiva en el desempe\u00f1o del estudiantado sigue la tendencia nacional, mostrando en la provincia una intensidad levemente mayor\u00bb, se indic\u00f3.<\/p>\n\n\n\n<p>Adem\u00e1s, al desagregarse los datos por sector de gesti\u00f3n, se observa que el avance entre 2021 y 2022 es mayor en la gesti\u00f3n estatal que en la privada.<\/p>\n\n\n\n<p>Asimismo, al considerar el nivel socioecon\u00f3mico de las y los estudiantes, se evidencia una disminuci\u00f3n de la desigualdad respecto a 2018 y, especialmente, en comparaci\u00f3n con los resultados 2021.<\/p>\n\n\n\n<p>Al respecto, el ministro Alberto Sileoni remarc\u00f3 que \u201cla recuperaci\u00f3n de los aprendizajes es producto de un conjunto de factores convergentes: el regreso a la presencialidad plena, y la implementaci\u00f3n de pol\u00edticas educativas a nivel nacional y provincial, que procuraron fortalecer las trayectorias educativas\u201d.<\/p>\n\n\n\n<p>En este sentido, se resalt\u00f3 que el Programa +ATR (M\u00e1s Acompa\u00f1amiento a las Trayectorias y Revinculaci\u00f3n) que implic\u00f3 clases y talleres a contraturno y habilitar los s\u00e1bados para quienes requer\u00edan reponer aprendizajes pendientes, se extendi\u00f3 entre septiembre de 2021 y mediados de julio de 2022.<\/p>\n\n\n\n<p>Adem\u00e1s, la cartera educativa record\u00f3 que en el segundo semestre de 2022 se puso en marcha el Programa de Fortalecimiento de los Aprendizajes para el Nivel Primario, que implic\u00f3 la presencia adicional de 3.000 docentes de intensificaci\u00f3n de la ense\u00f1anza y maestras y maestros de alfabetizaci\u00f3n en 1.929 escuelas con vulnerabilidad socioeducativa media o alta.<\/p>\n\n\n\n<p>Desde Educaci\u00f3n se resalt\u00f3 que se llevaron a cabo las Pruebas Escolares Bonaerenses en Matem\u00e1tica y Pr\u00e1cticas del Lenguaje en dos momentos de 2022, alcanzando a m\u00e1s de 590 mil estudiantes de 3\u00b0 y 6\u00b0 a\u00f1o.<\/p>\n\n\n\n<p>A la vez, se destac\u00f3 que en 2022 comenz\u00f3 la implementaci\u00f3n de la extensi\u00f3n de la jornada escolar, que involucrar\u00e1 a casi 2.500 escuelas bonaerenses al finalizar las dos primeras etapas.<\/p>\n\n\n\n<p>De esta manera, mientras que a inicios de 2022 s\u00f3lo el 9,9% de las y los estudiantes de escuelas primarias estatales asist\u00edan a m\u00e1s de 4 horas diarias de clases, en la segunda mitad de 2023 este porcentaje se llegar\u00e1 al 72,3%. <\/p>\n","protected":false},"excerpt":{"rendered":"<p>El 75,9% de las y los estudiantes de sexto grado de la provincia de Buenos&#8230;<\/p>\n","protected":false},"author":1,"featured_media":59656,"comment_status":"closed","ping_status":"closed","sticky":false,"template":"","format":"standard","meta":{"footnotes":""},"categories":[27],"tags":[],"class_list":["post-61137","post","type-post","status-publish","format-standard","has-post-thumbnail","hentry","category-educacion"],"_links":{"self":[{"href":"https:\/\/conurbanodiario.com.ar\/index.php?rest_route=\/wp\/v2\/posts\/61137","targetHints":{"allow":["GET"]}}],"collection":[{"href":"https:\/\/conurbanodiario.com.ar\/index.php?rest_route=\/wp\/v2\/posts"}],"about":[{"href":"https:\/\/conurbanodiario.com.ar\/index.php?rest_route=\/wp\/v2\/types\/post"}],"author":[{"embeddable":true,"href":"https:\/\/conurbanodiario.com.ar\/index.php?rest_route=\/wp\/v2\/users\/1"}],"replies":[{"embeddable":true,"href":"https:\/\/conurbanodiario.com.ar\/index.php?rest_route=%2Fwp%2Fv2%2Fcomments&post=61137"}],"version-history":[{"count":1,"href":"https:\/\/conurbanodiario.com.ar\/index.php?rest_route=\/wp\/v2\/posts\/61137\/revisions"}],"predecessor-version":[{"id":61139,"href":"https:\/\/conurbanodiario.com.ar\/index.php?rest_route=\/wp\/v2\/posts\/61137\/revisions\/61139"}],"wp:featuredmedia":[{"embeddable":true,"href":"https:\/\/conurbanodiario.com.ar\/index.php?rest_route=\/wp\/v2\/media\/59656"}],"wp:attachment":[{"href":"https:\/\/conurbanodiario.com.ar\/index.php?rest_route=%2Fwp%2Fv2%2Fmedia&parent=61137"}],"wp:term":[{"taxonomy":"category","embeddable":true,"href":"https:\/\/conurbanodiario.com.ar\/index.php?rest_route=%2Fwp%2Fv2%2Fcategories&post=61137"},{"taxonomy":"post_tag","embeddable":true,"href":"https:\/\/conurbanodiario.com.ar\/index.php?rest_route=%2Fwp%2Fv2%2Ftags&post=61137"}],"curies":[{"name":"wp","href":"https:\/\/api.w.org\/{rel}","templated":true}]}}