{"id":61134,"date":"2023-05-30T12:46:34","date_gmt":"2023-05-30T15:46:34","guid":{"rendered":"https:\/\/conurbanodiario.com.ar\/?p=61134"},"modified":"2023-06-01T04:38:28","modified_gmt":"2023-06-01T07:38:28","slug":"san-lorenzo-regreso-a-los-entrenamientos-con-la-mira-puesta-en-colon","status":"publish","type":"post","link":"https:\/\/conurbanodiario.com.ar\/?p=61134","title":{"rendered":"SAN LORENZO REGRES\u00d3 A LOS ENTRENAMIENTOS CON LA MIRA PUESTA EN COL\u00d3N"},"content":{"rendered":"\n<p>San Lorenzo se entren\u00f3 hoy por primera vez en la semana, con la mira puesta en el partido del domingo pr\u00f3ximo contra Col\u00f3n de Santa Fe, por la 19na. fecha de la Liga Profesional de F\u00fatbol (LPF).<\/p>\n\n\n\n<p>El conjunto conducido por Rub\u00e9n Dar\u00edo Ins\u00faa regres\u00f3 al trabajo en la Ciudad Deportiva despu\u00e9s de una jornada libre para recuperar desde lo f\u00edsico y mental a los jugadores, que sufrieron una dura derrota contra Barracas Central (1-0) en el estadio Claudio Tapia.<\/p>\n\n\n\n<p>San Lorenzo contin\u00faa en la lucha por el campeonato, con 35 puntos, aunque River (41) le sac\u00f3 una distancia de dos partidos con el empate en Liniers (2-2 vs. V\u00e9lez).<\/p>\n\n\n\n<p>En relaci\u00f3n a los lesionados, el director t\u00e9cnico esperar\u00e1 por la evoluci\u00f3n de Gast\u00f3n Hern\u00e1ndez en la defensa y seguramente ya pondr\u00e1 a Nahuel Barrios como titular tras sumar minutos contra el \u00abGuapo\u00bb.<\/p>\n\n\n\n<p>San Lorenzo afrontar\u00e1 ahora una seguidilla de tres partidos en una semana que ser\u00e1 clave en sus aspiraciones porque tendr\u00e1 a Col\u00f3n en su casa y a Central C\u00f3rdoba de Santiago del Estero afuera y en el medio a Palestino de Chile, rival directo en la aspiraci\u00f3n del segundo lugar en el grupo de la Sudamericana, en el Gas\u00f3metro.<\/p>\n\n\n\n<p>El duelo contra el \u00abSabalero\u00bb ser\u00e1 el domingo, desde las 14.00, con \u00e1rbitro por designarse. <\/p>\n","protected":false},"excerpt":{"rendered":"<p>San Lorenzo se entren\u00f3 hoy por primera vez en la semana, con la mira puesta&#8230;<\/p>\n","protected":false},"author":1,"featured_media":59656,"comment_status":"closed","ping_status":"closed","sticky":false,"template":"","format":"standard","meta":{"footnotes":""},"categories":[32],"tags":[],"class_list":["post-61134","post","type-post","status-publish","format-standard","has-post-thumbnail","hentry","category-deportes"],"_links":{"self":[{"href":"https:\/\/conurbanodiario.com.ar\/index.php?rest_route=\/wp\/v2\/posts\/61134","targetHints":{"allow":["GET"]}}],"collection":[{"href":"https:\/\/conurbanodiario.com.ar\/index.php?rest_route=\/wp\/v2\/posts"}],"about":[{"href":"https:\/\/conurbanodiario.com.ar\/index.php?rest_route=\/wp\/v2\/types\/post"}],"author":[{"embeddable":true,"href":"https:\/\/conurbanodiario.com.ar\/index.php?rest_route=\/wp\/v2\/users\/1"}],"replies":[{"embeddable":true,"href":"https:\/\/conurbanodiario.com.ar\/index.php?rest_route=%2Fwp%2Fv2%2Fcomments&post=61134"}],"version-history":[{"count":1,"href":"https:\/\/conurbanodiario.com.ar\/index.php?rest_route=\/wp\/v2\/posts\/61134\/revisions"}],"predecessor-version":[{"id":61136,"href":"https:\/\/conurbanodiario.com.ar\/index.php?rest_route=\/wp\/v2\/posts\/61134\/revisions\/61136"}],"wp:featuredmedia":[{"embeddable":true,"href":"https:\/\/conurbanodiario.com.ar\/index.php?rest_route=\/wp\/v2\/media\/59656"}],"wp:attachment":[{"href":"https:\/\/conurbanodiario.com.ar\/index.php?rest_route=%2Fwp%2Fv2%2Fmedia&parent=61134"}],"wp:term":[{"taxonomy":"category","embeddable":true,"href":"https:\/\/conurbanodiario.com.ar\/index.php?rest_route=%2Fwp%2Fv2%2Fcategories&post=61134"},{"taxonomy":"post_tag","embeddable":true,"href":"https:\/\/conurbanodiario.com.ar\/index.php?rest_route=%2Fwp%2Fv2%2Ftags&post=61134"}],"curies":[{"name":"wp","href":"https:\/\/api.w.org\/{rel}","templated":true}]}}