{"id":61127,"date":"2023-05-30T11:31:56","date_gmt":"2023-05-30T14:31:56","guid":{"rendered":"https:\/\/conurbanodiario.com.ar\/?p=61127"},"modified":"2023-06-01T04:38:28","modified_gmt":"2023-06-01T07:38:28","slug":"rossi-conforme-con-su-precandidatura-dijo-que-el-fdt-esta-mas-cerca-de-ir-a-unas-paso","status":"publish","type":"post","link":"https:\/\/conurbanodiario.com.ar\/?p=61127","title":{"rendered":"ROSSI &#8220;CONFORME&#8221; CON SU PRECANDIDATURA, DIJO QUE EL FDT EST\u00c1 &#8220;M\u00c1S CERCA DE IR A UNAS PASO&#8221;"},"content":{"rendered":"\n<p>El precandidato presidencial y jefe de Gabinete de Ministros, Agust\u00edn Rossi, consider\u00f3 hoy que el Frente de Todos (FdT) est\u00e1 \u00abcada vez m\u00e1s cerca\u00bb de concurrir a una interna en las primarias abiertas simult\u00e1neas y obligatorias (PASO) del pr\u00f3ximo 13 de agosto, que de presentar \u00abun candidato de consenso\u00bb para las elecciones generales del 22 de octubre.<\/p>\n\n\n\n<p>\u00abEstoy muy conforme con mi precandidatura. Pienso que puedo empatizar con un sector del peronismo. El anuncio, muy humilde y austero, tuvo mucha repercusi\u00f3n. Trat\u00e9 de marcar los lineamientos generales, ahora queda la tarea de armar las listas\u00bb, se\u00f1al\u00f3 Rossi en declaraciones a FM La Patriada.<\/p>\n\n\n\n<p>Adem\u00e1s, el exministro de Defensa evalu\u00f3 que en este momento, el FdT est\u00e1 \u00abm\u00e1s cerca de ir a una PASO que de poder presentar un candidato de consenso\u00bb que represente a todos los sectores de la coalici\u00f3n oficialista.<\/p>\n\n\n\n<figure class=\"wp-block-embed is-type-video is-provider-youtube wp-block-embed-youtube wp-embed-aspect-16-9 wp-has-aspect-ratio\"><div class=\"wp-block-embed__wrapper\">\n<iframe loading=\"lazy\" title=\"Quiero compartir con vos las razones de mi decisi\u00f3n de ser precandidato a Presidente\" width=\"640\" height=\"360\" src=\"https:\/\/www.youtube.com\/embed\/0kBKUnnbKJE?feature=oembed\" frameborder=\"0\" allow=\"accelerometer; autoplay; clipboard-write; encrypted-media; gyroscope; picture-in-picture; web-share\" referrerpolicy=\"strict-origin-when-cross-origin\" allowfullscreen><\/iframe>\n<\/div><\/figure>\n\n\n\n<p>Rossi oficializ\u00f3 ayer su postulaci\u00f3n presidencial con la publicaci\u00f3n en las redes sociales de un video en el que convoca a construir \u00abuna Argentina soberana, con inclusi\u00f3n, con seguridad, con igualdad social y crecimiento econ\u00f3mico\u00bb.<\/p>\n\n\n\n<p>\u00abSi no hay una s\u00edntesis natural que se produzca alrededor de la candidatura de alguien o de una f\u00f3rmula, lo que tiene que haber es una PASO. Eso es cumplir con la ley\u00bb, apunt\u00f3 el funcionario.<\/p>\n\n\n\n<p>El jefe de Gabinete tambi\u00e9n revel\u00f3 que, por el momento, no defini\u00f3 el nombre de su compa\u00f1ero de f\u00f3rmula y asegur\u00f3 que el presidente Alberto Fern\u00e1ndez lo \u00abincentiv\u00f3\u00bb a presentar su postulaci\u00f3n.<\/p>\n\n\n\n<p>En el video de su lanzamiento, Rossi reivindic\u00f3 la gesti\u00f3n actual del FdT y proyect\u00f3 \u00abun buen panorama\u00bb para los pr\u00f3ximos a\u00f1os, en caso de ser elegido como jefe de Estado.<\/p>\n\n\n\n<p>\u00abHabr\u00e1 crecimiento con inclusi\u00f3n social y redistribuci\u00f3n del ingreso. Ese crecimiento se dar\u00e1 a\u00f1o tras a\u00f1o consecutivamente. No nos han tocado a\u00f1os f\u00e1ciles. Argentina tuvo la convergencia de cuatro crisis: la del endeudamiento, que recibimos; la pandemia; despu\u00e9s la guerra y ahora la sequ\u00eda\u00bb, advirti\u00f3 el jefe de Gabinete.<\/p>\n\n\n\n<p>\u00abEso nos imposibilit\u00f3 cumplir con los sue\u00f1os que ten\u00edamos en ese 2019, cuando celebramos el contrato electoral con el conjunto de la sociedad argentina. Nosotros pens\u00e1bamos que r\u00e1pidamente \u00edbamos a volver a aquellos a\u00f1os felices que tuvimos en los gobiernos de N\u00e9stor y Cristina (Kirchner)\u00bb, finaliz\u00f3. <\/p>\n","protected":false},"excerpt":{"rendered":"<p>El precandidato presidencial y jefe de Gabinete de Ministros, Agust\u00edn Rossi, consider\u00f3 hoy que el&#8230;<\/p>\n","protected":false},"author":1,"featured_media":59656,"comment_status":"closed","ping_status":"closed","sticky":false,"template":"","format":"standard","meta":{"footnotes":""},"categories":[35],"tags":[],"class_list":["post-61127","post","type-post","status-publish","format-standard","has-post-thumbnail","hentry","category-politica"],"_links":{"self":[{"href":"https:\/\/conurbanodiario.com.ar\/index.php?rest_route=\/wp\/v2\/posts\/61127","targetHints":{"allow":["GET"]}}],"collection":[{"href":"https:\/\/conurbanodiario.com.ar\/index.php?rest_route=\/wp\/v2\/posts"}],"about":[{"href":"https:\/\/conurbanodiario.com.ar\/index.php?rest_route=\/wp\/v2\/types\/post"}],"author":[{"embeddable":true,"href":"https:\/\/conurbanodiario.com.ar\/index.php?rest_route=\/wp\/v2\/users\/1"}],"replies":[{"embeddable":true,"href":"https:\/\/conurbanodiario.com.ar\/index.php?rest_route=%2Fwp%2Fv2%2Fcomments&post=61127"}],"version-history":[{"count":2,"href":"https:\/\/conurbanodiario.com.ar\/index.php?rest_route=\/wp\/v2\/posts\/61127\/revisions"}],"predecessor-version":[{"id":61130,"href":"https:\/\/conurbanodiario.com.ar\/index.php?rest_route=\/wp\/v2\/posts\/61127\/revisions\/61130"}],"wp:featuredmedia":[{"embeddable":true,"href":"https:\/\/conurbanodiario.com.ar\/index.php?rest_route=\/wp\/v2\/media\/59656"}],"wp:attachment":[{"href":"https:\/\/conurbanodiario.com.ar\/index.php?rest_route=%2Fwp%2Fv2%2Fmedia&parent=61127"}],"wp:term":[{"taxonomy":"category","embeddable":true,"href":"https:\/\/conurbanodiario.com.ar\/index.php?rest_route=%2Fwp%2Fv2%2Fcategories&post=61127"},{"taxonomy":"post_tag","embeddable":true,"href":"https:\/\/conurbanodiario.com.ar\/index.php?rest_route=%2Fwp%2Fv2%2Ftags&post=61127"}],"curies":[{"name":"wp","href":"https:\/\/api.w.org\/{rel}","templated":true}]}}