{"id":61122,"date":"2023-05-30T11:10:57","date_gmt":"2023-05-30T14:10:57","guid":{"rendered":"https:\/\/conurbanodiario.com.ar\/?p=61122"},"modified":"2023-06-01T04:38:28","modified_gmt":"2023-06-01T07:38:28","slug":"la-plata-acusan-a-un-hombre-de-violar-a-su-sobrina-con-paralisis-cerebral-y-dejarla-embarazada","status":"publish","type":"post","link":"https:\/\/conurbanodiario.com.ar\/?p=61122","title":{"rendered":"LA PLATA: ACUSAN A UN HOMBRE DE VIOLAR A SU SOBRINA CON PAR\u00c1LISIS CEREBRAL Y DEJARLA EMBARAZADA"},"content":{"rendered":"\n<p>Un hombre de 32 a\u00f1os fue detenido en la ciudad de La Plata acusado de violar a su sobrina, que tiene par\u00e1lisis cerebral y qued\u00f3 embarazada, por lo que fue imputado de \u00ababuso sexual con acceso carnal gravemente ultrajante\u00bb, seg\u00fan informaron fuentes policiales.<\/p>\n\n\n\n<p>La detenci\u00f3n se produjo tras una denuncia efectuada por la madre de la v\u00edctima, qui\u00e9n revel\u00f3 que su hija padece par\u00e1lisis cerebral, y, debido a dolores abdominales, la llev\u00f3 al hospital de ni\u00f1os de La Plata, donde las profesionales confirmaron que estaba cursando un embarazo de cinco meses.<\/p>\n\n\n\n<p>La mujer acus\u00f3 ante la polic\u00eda al hombre, quien en reiteradas oportunidades habr\u00eda abusado de la ni\u00f1a cuando quedaba a su cuidado en la casa de su t\u00eda materna en el barrio de Los Hornos.<\/p>\n\n\n\n<p>Tras testimonios, informes m\u00e9dicos, c\u00e1mara Gesell y lo relatado en la denuncia, las autoridades judiciales ordenaron la detenci\u00f3n de Medrano Vidal, quien fue capturado en el domicilio de la calle 530 y 161 de Melchor Romero, en el partido de La Plata. <\/p>\n","protected":false},"excerpt":{"rendered":"<p>Un hombre de 32 a\u00f1os fue detenido en la ciudad de La Plata acusado de&#8230;<\/p>\n","protected":false},"author":1,"featured_media":59656,"comment_status":"closed","ping_status":"closed","sticky":false,"template":"","format":"standard","meta":{"footnotes":""},"categories":[10],"tags":[],"class_list":["post-61122","post","type-post","status-publish","format-standard","has-post-thumbnail","hentry","category-seguridad"],"_links":{"self":[{"href":"https:\/\/conurbanodiario.com.ar\/index.php?rest_route=\/wp\/v2\/posts\/61122","targetHints":{"allow":["GET"]}}],"collection":[{"href":"https:\/\/conurbanodiario.com.ar\/index.php?rest_route=\/wp\/v2\/posts"}],"about":[{"href":"https:\/\/conurbanodiario.com.ar\/index.php?rest_route=\/wp\/v2\/types\/post"}],"author":[{"embeddable":true,"href":"https:\/\/conurbanodiario.com.ar\/index.php?rest_route=\/wp\/v2\/users\/1"}],"replies":[{"embeddable":true,"href":"https:\/\/conurbanodiario.com.ar\/index.php?rest_route=%2Fwp%2Fv2%2Fcomments&post=61122"}],"version-history":[{"count":1,"href":"https:\/\/conurbanodiario.com.ar\/index.php?rest_route=\/wp\/v2\/posts\/61122\/revisions"}],"predecessor-version":[{"id":61123,"href":"https:\/\/conurbanodiario.com.ar\/index.php?rest_route=\/wp\/v2\/posts\/61122\/revisions\/61123"}],"wp:featuredmedia":[{"embeddable":true,"href":"https:\/\/conurbanodiario.com.ar\/index.php?rest_route=\/wp\/v2\/media\/59656"}],"wp:attachment":[{"href":"https:\/\/conurbanodiario.com.ar\/index.php?rest_route=%2Fwp%2Fv2%2Fmedia&parent=61122"}],"wp:term":[{"taxonomy":"category","embeddable":true,"href":"https:\/\/conurbanodiario.com.ar\/index.php?rest_route=%2Fwp%2Fv2%2Fcategories&post=61122"},{"taxonomy":"post_tag","embeddable":true,"href":"https:\/\/conurbanodiario.com.ar\/index.php?rest_route=%2Fwp%2Fv2%2Ftags&post=61122"}],"curies":[{"name":"wp","href":"https:\/\/api.w.org\/{rel}","templated":true}]}}