{"id":61119,"date":"2023-05-30T11:02:10","date_gmt":"2023-05-30T14:02:10","guid":{"rendered":"https:\/\/conurbanodiario.com.ar\/?p=61119"},"modified":"2023-06-01T04:38:28","modified_gmt":"2023-06-01T07:38:28","slug":"aumentan-en-16089-los-subsidios-a-usuarios-de-garrafas","status":"publish","type":"post","link":"https:\/\/conurbanodiario.com.ar\/?p=61119","title":{"rendered":"AUMENTAN EN 160,89% LOS SUBSIDIOS A USUARIOS DE GARRAFAS"},"content":{"rendered":"\n<p>La Secretar\u00eda de Energ\u00eda dispuso un incremento en los subsidios a los usuarios de garrafa incluidos en el programa Hogar de un 160,89%, a trav\u00e9s de la resoluci\u00f3n 458\/2023, publicada hoy en el Bolet\u00edn Oficial.<\/p>\n\n\n\n<p>De esta manera, el monto de subsidio por garrafas que se hab\u00eda fijado en septiembre de 2022 en $ 606 pas\u00f3 a $ 1.581 para abril y mayo \u00faltimos.<\/p>\n\n\n\n<p>Por su parte, los precios de referencia de venta al p\u00fablico y para el segmento fraccionador y distribuidor aumentaron este mes 3,97%, retroactivo al 8 de mayo, y asimismo se establecieron los valores a partir de 1 junio, 1 de julio y de agosto, con aumentos de 4,03%, 4,01% y 3,99%, respectivamente, para las garrafas de 10, 12 y 15 kilos.<\/p>\n\n\n\n<p>As\u00ed, los valores para la garrafa de 10 kilos se fijaron en $ 753 (mayo), $ 783 (junio), $ 814 (julio) y $ 847 (agosto) para los fraccionadores; en $ 1.321, $ 1.374, $ 1.429 y $ 1.486 para los distribuidores; y $ 1.387, $ 1.443, $ 1.501 y $ 1.561 para la venta al p\u00fablico.<\/p>\n\n\n\n<p>En el caso de las unidades de 12 kilos, los precios m\u00e1ximos son $ 903 (mayo), $ 939 (junio), $ 977 (julio) y $ 1.016 (agosto) para los fraccionadores; $ 1.585, $ 1.649, $ 1.715 y $ 1.783 para los distribuidores; y $ 1.665, $ 1.731, $ 1.801 y $ 1.873 para la venta al p\u00fablico.<\/p>\n\n\n\n<p>Mientras que en las de 15 kilos ser\u00e1n $ 1.129 (mayo), $ 1.174 (junio), $ 1.221 (julio) y $ 1.270 (agosto) para los fraccionadores; $ 1.982, $ 2.061, $ 2.144 y $ 2.229 para los distribuidores; y $ 2.081, $ 2.164, $ 2.251 y $ 2.341 para la venta al p\u00fablico.<\/p>\n\n\n\n<p>El Programa Hogar fue creado mediante el decreto 470 del 30 de marzo de 2015, y su financiamiento se estableci\u00f3 a trav\u00e9s del fondo fiduciario para atender las necesidades de GLP de sectores de bajos recursos y para la expansi\u00f3n de redes de gas natural, que hab\u00eda sido establecido diez a\u00f1os antes con la Ley 26.020.<\/p>\n","protected":false},"excerpt":{"rendered":"<p>La Secretar\u00eda de Energ\u00eda dispuso un incremento en los subsidios a los usuarios de garrafa&#8230;<\/p>\n","protected":false},"author":1,"featured_media":59656,"comment_status":"closed","ping_status":"closed","sticky":false,"template":"","format":"standard","meta":{"footnotes":""},"categories":[5],"tags":[],"class_list":["post-61119","post","type-post","status-publish","format-standard","has-post-thumbnail","hentry","category-el-pais"],"_links":{"self":[{"href":"https:\/\/conurbanodiario.com.ar\/index.php?rest_route=\/wp\/v2\/posts\/61119","targetHints":{"allow":["GET"]}}],"collection":[{"href":"https:\/\/conurbanodiario.com.ar\/index.php?rest_route=\/wp\/v2\/posts"}],"about":[{"href":"https:\/\/conurbanodiario.com.ar\/index.php?rest_route=\/wp\/v2\/types\/post"}],"author":[{"embeddable":true,"href":"https:\/\/conurbanodiario.com.ar\/index.php?rest_route=\/wp\/v2\/users\/1"}],"replies":[{"embeddable":true,"href":"https:\/\/conurbanodiario.com.ar\/index.php?rest_route=%2Fwp%2Fv2%2Fcomments&post=61119"}],"version-history":[{"count":1,"href":"https:\/\/conurbanodiario.com.ar\/index.php?rest_route=\/wp\/v2\/posts\/61119\/revisions"}],"predecessor-version":[{"id":61121,"href":"https:\/\/conurbanodiario.com.ar\/index.php?rest_route=\/wp\/v2\/posts\/61119\/revisions\/61121"}],"wp:featuredmedia":[{"embeddable":true,"href":"https:\/\/conurbanodiario.com.ar\/index.php?rest_route=\/wp\/v2\/media\/59656"}],"wp:attachment":[{"href":"https:\/\/conurbanodiario.com.ar\/index.php?rest_route=%2Fwp%2Fv2%2Fmedia&parent=61119"}],"wp:term":[{"taxonomy":"category","embeddable":true,"href":"https:\/\/conurbanodiario.com.ar\/index.php?rest_route=%2Fwp%2Fv2%2Fcategories&post=61119"},{"taxonomy":"post_tag","embeddable":true,"href":"https:\/\/conurbanodiario.com.ar\/index.php?rest_route=%2Fwp%2Fv2%2Ftags&post=61119"}],"curies":[{"name":"wp","href":"https:\/\/api.w.org\/{rel}","templated":true}]}}