{"id":61115,"date":"2023-05-29T01:08:00","date_gmt":"2023-05-29T04:08:00","guid":{"rendered":"https:\/\/conurbanodiario.com.ar\/?p=61115"},"modified":"2023-06-01T04:38:28","modified_gmt":"2023-06-01T07:38:28","slug":"tenemos-que-aprovechar-las-paso-para-que-el-fdt-saque-la-mayor-cantidad-de-puntos-dijo-rossi","status":"publish","type":"post","link":"https:\/\/conurbanodiario.com.ar\/?p=61115","title":{"rendered":"&#8220;TENEMOS QUE APROVECHAR LAS PASO PARA QUE EL FDT SAQUE LA MAYOR CANTIDAD DE PUNTOS&#8221;, DIJO ROSSI"},"content":{"rendered":"\n<p>El jefe de Gabinete, Agust\u00edn Rossi, quien anunciar\u00e1 este lunes formalmente su precandidatura presidencial por el Frente de Todos (FdT), pidi\u00f3 a la coalici\u00f3n oficialista a \u00abaprovechar\u00bb las PASO como un \u00abinstrumento\u00bb para que esa fuerza saque \u00abla mayor cantidad de puntos\u00bb.<\/p>\n\n\n\n<p>Rossi reiter\u00f3 en di\u00e1logo con Futurock que formalizar\u00e1 su precandidatura este lunes con un video que ser\u00e1 difundido a trav\u00e9s de las redes sociales, a poco menos de un mes del cierre de listas para las PASO del 13 de agosto.<\/p>\n\n\n\n<p>\u00abNosotros tendr\u00edamos que aprovechar el instrumento de las PASO para que nuestra coalici\u00f3n saque la mayor cantidad de puntos\u00bb, manifest\u00f3.<\/p>\n\n\n\n<p>El exministro de Defensa, argument\u00f3 que el FdT en las encuestas \u00abcuando se miden cuatro candidatos del oficialismo\u00bb se encuentra \u00aben 35 puntos\u00bb, y remarc\u00f3 que \u00abcuando se miden menos candidatos\u00bb obtiene \u00abmenos cantidad de puntos\u00bb.<\/p>\n\n\n\n<p>En esa l\u00ednea, advirti\u00f3 que estas elecciones ser\u00e1n \u00abdistintas a las que hemos tenido en los \u00faltimos tiempos\u00bb y consider\u00f3: \u00abNi las PASO van a determinar la primera vuelta, ni la primera vuelta puede llegar a determinar la segunda vuelta\u00bb.<\/p>\n\n\n\n<p>En tanto, el funcionario destac\u00f3 que su precandidatura puede \u00absimpatizar con distintos sectores\u00bb del oficialismo e \u00abinterpelar a otros\u00bb.<\/p>\n\n\n\n<p>\u00abVamos a empezar ese camino. El desaf\u00edo es en 30 d\u00edas convertir la precandidatura en una lista\u00bb, se\u00f1al\u00f3.<\/p>\n\n\n\n<p>Adem\u00e1s indic\u00f3 que la posibilidad de ser candidato \u00abse abri\u00f3\u00bb cuando el presidente Alberto Fern\u00e1ndez \u00abanunci\u00f3 que no iba a ser candidato a la reelecci\u00f3n\u00bb, y manifest\u00f3 que pese a que no se siente el \u00abcandidato de nadie\u00bb, el mandatario lo \u00abalent\u00f3\u00bb a presentarse. <\/p>\n","protected":false},"excerpt":{"rendered":"<p>El jefe de Gabinete, Agust\u00edn Rossi, quien anunciar\u00e1 este lunes formalmente su precandidatura presidencial por&#8230;<\/p>\n","protected":false},"author":1,"featured_media":59656,"comment_status":"closed","ping_status":"closed","sticky":false,"template":"","format":"standard","meta":{"footnotes":""},"categories":[5],"tags":[],"class_list":["post-61115","post","type-post","status-publish","format-standard","has-post-thumbnail","hentry","category-el-pais"],"_links":{"self":[{"href":"https:\/\/conurbanodiario.com.ar\/index.php?rest_route=\/wp\/v2\/posts\/61115","targetHints":{"allow":["GET"]}}],"collection":[{"href":"https:\/\/conurbanodiario.com.ar\/index.php?rest_route=\/wp\/v2\/posts"}],"about":[{"href":"https:\/\/conurbanodiario.com.ar\/index.php?rest_route=\/wp\/v2\/types\/post"}],"author":[{"embeddable":true,"href":"https:\/\/conurbanodiario.com.ar\/index.php?rest_route=\/wp\/v2\/users\/1"}],"replies":[{"embeddable":true,"href":"https:\/\/conurbanodiario.com.ar\/index.php?rest_route=%2Fwp%2Fv2%2Fcomments&post=61115"}],"version-history":[{"count":2,"href":"https:\/\/conurbanodiario.com.ar\/index.php?rest_route=\/wp\/v2\/posts\/61115\/revisions"}],"predecessor-version":[{"id":61118,"href":"https:\/\/conurbanodiario.com.ar\/index.php?rest_route=\/wp\/v2\/posts\/61115\/revisions\/61118"}],"wp:featuredmedia":[{"embeddable":true,"href":"https:\/\/conurbanodiario.com.ar\/index.php?rest_route=\/wp\/v2\/media\/59656"}],"wp:attachment":[{"href":"https:\/\/conurbanodiario.com.ar\/index.php?rest_route=%2Fwp%2Fv2%2Fmedia&parent=61115"}],"wp:term":[{"taxonomy":"category","embeddable":true,"href":"https:\/\/conurbanodiario.com.ar\/index.php?rest_route=%2Fwp%2Fv2%2Fcategories&post=61115"},{"taxonomy":"post_tag","embeddable":true,"href":"https:\/\/conurbanodiario.com.ar\/index.php?rest_route=%2Fwp%2Fv2%2Ftags&post=61115"}],"curies":[{"name":"wp","href":"https:\/\/api.w.org\/{rel}","templated":true}]}}