{"id":61111,"date":"2023-05-29T01:09:00","date_gmt":"2023-05-29T04:09:00","guid":{"rendered":"https:\/\/conurbanodiario.com.ar\/?p=61111"},"modified":"2023-06-01T04:38:28","modified_gmt":"2023-06-01T07:38:28","slug":"de-mendiguren-dijo-que-el-proximo-desafio-es-combatir-inflacion-mantener-industria-y-empleo","status":"publish","type":"post","link":"https:\/\/conurbanodiario.com.ar\/?p=61111","title":{"rendered":"DE MENDIGUREN DIJO QUE &#8220;EL PR\u00d3XIMO DESAF\u00cdO ES COMBATIR INFLACI\u00d3N, MANTENER INDUSTRIA Y EMPLEO&#8221;"},"content":{"rendered":"\n<p>El secretario de Industria y Desarrollo Productivo de la Naci\u00f3n, Jos\u00e9 Ignacio de Mendiguren, afirm\u00f3 que \u00abel pr\u00f3ximo desaf\u00edo es combatir la inflaci\u00f3n, manteniendo el nivel de actividad y empleo\u00bb.<\/p>\n\n\n\n<p>\u00abHoy ten\u00e9s el \u00edndice de desempleo m\u00e1s bajo de los \u00faltimos 8 a\u00f1os, 6,5%, y el nivel de actividad de la industria 15 puntos por arriba de la prepandemia\u00bb, asegur\u00f3 De Mendiguren en di\u00e1logo con Radio Nacional.<\/p>\n\n\n\n<p>Adem\u00e1s, detall\u00f3 que actualmente el Gobierno nacional contin\u00faa manteniendo el empleo en las 24 provincias, mientras que en los \u00faltimos dos a\u00f1os, en 23 de ellas creci\u00f3 el empleo privado. \u00abLa industria lleva 32 meses consecutivos de crecimiento en el empleo\u00bb, a\u00f1adi\u00f3.<\/p>\n\n\n\n<p>Sin embargo, se\u00f1al\u00f3 que \u00abque con la inflaci\u00f3n no le alcanza la plata al que est\u00e1 trabajando, \u00e9ste es nuestro problema a resolver\u00bb.<\/p>\n\n\n\n<p>\u00abEl pr\u00f3ximo desaf\u00edo es combatir la inflaci\u00f3n, manteniendo el nivel de actividad y empleo\u00bb, sostuvo.<\/p>\n\n\n\n<p>De Mendiguren enumer\u00f3 los distintos factores que impactaron en el modelo productivo como la guerra, la pandemia y la sequ\u00eda.<\/p>\n\n\n\n<p>\u00abComo modelo econ\u00f3mico yo dir\u00eda y preguntar\u00eda \u00bfQu\u00e9 es lo que nos est\u00e1 pasando? Parece que la gente da vuelta la p\u00e1gina como si fuera un dato menor, est\u00e1 pasando en tu econom\u00eda, producto de la guerra del a\u00f1o pasado que cost\u00f3 5.200 millones de d\u00f3lares que no ten\u00edamos. Este a\u00f1o, la sequ\u00eda, nos quit\u00f3 a los argentinos, no al gobierno, 20.000 millones de d\u00f3lares que por supuesto no estaban\u00bb.<\/p>\n\n\n\n<p>Esta situaci\u00f3n, seg\u00fan el funcionario, \u00absignific\u00f3 ca\u00edda de ingresos, pero tambi\u00e9n ca\u00edda de producci\u00f3n f\u00edsica, menos soja, menos arroz\u00bb.<\/p>\n\n\n\n<p>Por \u00faltimo, subray\u00f3 el sector minero como uno de los sectores con mayor producci\u00f3n.<\/p>\n\n\n\n<p>\u00abYPF hoy es r\u00e9cord de producci\u00f3n de petr\u00f3leo y de producci\u00f3n de gas, en este sentido, el sector minero duplic\u00f3 las exportaciones, tambi\u00e9n en relaci\u00f3n a la industria forestal, estamos ya en la mitad de un proyecto de 250 millones de d\u00f3lares en Virasoro Corrientes, que nos va a permitir tener aserraderos m\u00e1s modernos de Latinoam\u00e9rica. Por lo que hay, una Argentina que produce\u00bb, concluy\u00f3. <\/p>\n","protected":false},"excerpt":{"rendered":"<p>El secretario de Industria y Desarrollo Productivo de la Naci\u00f3n, Jos\u00e9 Ignacio de Mendiguren, afirm\u00f3&#8230;<\/p>\n","protected":false},"author":1,"featured_media":59656,"comment_status":"closed","ping_status":"closed","sticky":false,"template":"","format":"standard","meta":{"footnotes":""},"categories":[5],"tags":[],"class_list":["post-61111","post","type-post","status-publish","format-standard","has-post-thumbnail","hentry","category-el-pais"],"_links":{"self":[{"href":"https:\/\/conurbanodiario.com.ar\/index.php?rest_route=\/wp\/v2\/posts\/61111","targetHints":{"allow":["GET"]}}],"collection":[{"href":"https:\/\/conurbanodiario.com.ar\/index.php?rest_route=\/wp\/v2\/posts"}],"about":[{"href":"https:\/\/conurbanodiario.com.ar\/index.php?rest_route=\/wp\/v2\/types\/post"}],"author":[{"embeddable":true,"href":"https:\/\/conurbanodiario.com.ar\/index.php?rest_route=\/wp\/v2\/users\/1"}],"replies":[{"embeddable":true,"href":"https:\/\/conurbanodiario.com.ar\/index.php?rest_route=%2Fwp%2Fv2%2Fcomments&post=61111"}],"version-history":[{"count":2,"href":"https:\/\/conurbanodiario.com.ar\/index.php?rest_route=\/wp\/v2\/posts\/61111\/revisions"}],"predecessor-version":[{"id":61114,"href":"https:\/\/conurbanodiario.com.ar\/index.php?rest_route=\/wp\/v2\/posts\/61111\/revisions\/61114"}],"wp:featuredmedia":[{"embeddable":true,"href":"https:\/\/conurbanodiario.com.ar\/index.php?rest_route=\/wp\/v2\/media\/59656"}],"wp:attachment":[{"href":"https:\/\/conurbanodiario.com.ar\/index.php?rest_route=%2Fwp%2Fv2%2Fmedia&parent=61111"}],"wp:term":[{"taxonomy":"category","embeddable":true,"href":"https:\/\/conurbanodiario.com.ar\/index.php?rest_route=%2Fwp%2Fv2%2Fcategories&post=61111"},{"taxonomy":"post_tag","embeddable":true,"href":"https:\/\/conurbanodiario.com.ar\/index.php?rest_route=%2Fwp%2Fv2%2Ftags&post=61111"}],"curies":[{"name":"wp","href":"https:\/\/api.w.org\/{rel}","templated":true}]}}