{"id":61108,"date":"2023-05-29T01:07:00","date_gmt":"2023-05-29T04:07:00","guid":{"rendered":"https:\/\/conurbanodiario.com.ar\/?p=61108"},"modified":"2023-06-01T04:38:28","modified_gmt":"2023-06-01T07:38:28","slug":"katopodis-nego-que-su-ministerio-anuncie-obras-que-no-se-van-a-realizar","status":"publish","type":"post","link":"https:\/\/conurbanodiario.com.ar\/?p=61108","title":{"rendered":"KATOPODIS NEG\u00d3 QUE SU MINISTERIO ANUNCIE OBRAS QUE NO SE VAN A REALIZAR"},"content":{"rendered":"\n<p>El ministro de Obras P\u00fablicas, Gabriel Katopodis asegur\u00f3 que durante su gesti\u00f3n \u00abterminamos obras que empez\u00f3 Cristina (Fern\u00e1ndez de Kirchner) y luego (Mauricio) Macri par\u00f3, y terminamos obras que Macri empez\u00f3 y no termin\u00f3\u00bb.<\/p>\n\n\n\n<p>El ministro se mostr\u00f3 \u00abasombrado\u00bb por una nota publicada por el diario Clar\u00edn donde se acusaba a su cartera de anunciar la licitaci\u00f3n de obras que no se van a construir: \u00abNo solo no es verdad que se anuncian obras que no se van a hacer sino que tenemos un plan de infraestructura que pusimos en marcha el primer d\u00eda y ahora nos estamos dedicando a las obras en las 23 provincias\u00bb.<\/p>\n\n\n\n<p>\u00abTengo la tranquilidad de que en el sitio del Ministerio hay un mapa de inversiones muy riguroso, auditado por varias asociaciones civiles\u00bb, argument\u00f3 Katopodis en declaraciones a Radio 10.<\/p>\n\n\n\n<p>Y apunt\u00f3 que en su gesti\u00f3n \u00abterminamos obras que empez\u00f3 Cristina y luego Macri par\u00f3 y terminamos obras que Macri empez\u00f3 y no termin\u00f3\u00bb.<\/p>\n\n\n\n<p>Respecto a la pol\u00edtica de obras p\u00fablicas el ministro asegur\u00f3 que \u00abnuestro Gobierno va a terminar todas las obras\u00bb, pero advirti\u00f3 que si gana la oposici\u00f3n \u00ablo m\u00e1s seguro es que las paren, porque hay dos modelos de pa\u00eds\u00bb.<\/p>\n\n\n\n<p>\u00abEllos quieren cerrar el Ministerio de Obras P\u00fablicas o hacer obras solo en la ciudad de Buenos Aires y nosotros vamos a seguir haciendo obras en toda la Argentina\u00bb, afirm\u00f3.<\/p>\n\n\n\n<p>Sobre el acto del 25 de mayo donde habl\u00f3 la vicepresidenta Fern\u00e1ndez, Katopodis destac\u00f3 que \u00aben la plaza hab\u00eda mucha alegr\u00eda, no hab\u00eda brazos ca\u00eddos\u00bb y advirti\u00f3 que \u00abla militancia est\u00e1 empezando a convencerse de que a esta la vamos a pelear, nos daban por muertos pero estamos para entrar en el balotaje\u00bb.<\/p>\n\n\n\n<p>Destac\u00f3 del discurso de la vicepresidenta la importancia de reflotar \u00abel pacto de convivencia que nos permita pensar en democracias m\u00e1s fuertes, gobiernos que puedan representar genuinamente los intereses de nuestro pueblo\u00bb. <\/p>\n","protected":false},"excerpt":{"rendered":"<p>El ministro de Obras P\u00fablicas, Gabriel Katopodis asegur\u00f3 que durante su gesti\u00f3n \u00abterminamos obras que&#8230;<\/p>\n","protected":false},"author":1,"featured_media":59656,"comment_status":"closed","ping_status":"closed","sticky":false,"template":"","format":"standard","meta":{"footnotes":""},"categories":[5],"tags":[],"class_list":["post-61108","post","type-post","status-publish","format-standard","has-post-thumbnail","hentry","category-el-pais"],"_links":{"self":[{"href":"https:\/\/conurbanodiario.com.ar\/index.php?rest_route=\/wp\/v2\/posts\/61108","targetHints":{"allow":["GET"]}}],"collection":[{"href":"https:\/\/conurbanodiario.com.ar\/index.php?rest_route=\/wp\/v2\/posts"}],"about":[{"href":"https:\/\/conurbanodiario.com.ar\/index.php?rest_route=\/wp\/v2\/types\/post"}],"author":[{"embeddable":true,"href":"https:\/\/conurbanodiario.com.ar\/index.php?rest_route=\/wp\/v2\/users\/1"}],"replies":[{"embeddable":true,"href":"https:\/\/conurbanodiario.com.ar\/index.php?rest_route=%2Fwp%2Fv2%2Fcomments&post=61108"}],"version-history":[{"count":1,"href":"https:\/\/conurbanodiario.com.ar\/index.php?rest_route=\/wp\/v2\/posts\/61108\/revisions"}],"predecessor-version":[{"id":61110,"href":"https:\/\/conurbanodiario.com.ar\/index.php?rest_route=\/wp\/v2\/posts\/61108\/revisions\/61110"}],"wp:featuredmedia":[{"embeddable":true,"href":"https:\/\/conurbanodiario.com.ar\/index.php?rest_route=\/wp\/v2\/media\/59656"}],"wp:attachment":[{"href":"https:\/\/conurbanodiario.com.ar\/index.php?rest_route=%2Fwp%2Fv2%2Fmedia&parent=61108"}],"wp:term":[{"taxonomy":"category","embeddable":true,"href":"https:\/\/conurbanodiario.com.ar\/index.php?rest_route=%2Fwp%2Fv2%2Fcategories&post=61108"},{"taxonomy":"post_tag","embeddable":true,"href":"https:\/\/conurbanodiario.com.ar\/index.php?rest_route=%2Fwp%2Fv2%2Ftags&post=61108"}],"curies":[{"name":"wp","href":"https:\/\/api.w.org\/{rel}","templated":true}]}}