{"id":61098,"date":"2023-05-29T01:06:00","date_gmt":"2023-05-29T04:06:00","guid":{"rendered":"https:\/\/conurbanodiario.com.ar\/?p=61098"},"modified":"2023-06-01T04:38:28","modified_gmt":"2023-06-01T07:38:28","slug":"alberto-fernandez-encara-una-semana-con-agenda-latinoamericana","status":"publish","type":"post","link":"https:\/\/conurbanodiario.com.ar\/?p=61098","title":{"rendered":"ALBERTO FERN\u00c1NDEZ ENCARA UNA SEMANA CON AGENDA LATINOAMERICANA"},"content":{"rendered":"\n<p>El presidente Alberto Fern\u00e1ndez dedicar\u00e1 la semana a una agenda latinoamericana: recibir\u00e1 este lunes al presidente electo de Paraguay, Santiago Pe\u00f1a; viajar\u00e1 el martes a Brasil para participar de una cumbre de presidentes sudamericanos que buscar\u00e1 poner nuevamente en marcha la Unasur y luego se trasladar\u00e1 a Bolivia para inaugurar el jueves, junto a su hom\u00f3logo Luis Arce, la primera obra de conexi\u00f3n el\u00e9ctrica entre ambos pa\u00edses.<\/p>\n\n\n\n<p>Este lunes, a las 9.30 en la Residencia de Olivos, el Presidente -acompa\u00f1ado por el canciller Santiago Cafiero- recibir\u00e1 a Pe\u00f1a, el candidato ganador del conservador Partido Colorado en las elecciones del pasado 30 de abril en Paraguay, informaron fuentes oficiales.<\/p>\n\n\n\n<p>Aquel d\u00eda de los comicios, Fern\u00e1ndez se comunic\u00f3 telef\u00f3nicamente con Pe\u00f1a para felicitarlo por su triunfo y abog\u00f3 por la uni\u00f3n de Latinoam\u00e9rica, al se\u00f1alar que \u00abla integraci\u00f3n es el camino\u00bb.<\/p>\n\n\n\n<p>En la noche de este lunes, Fern\u00e1ndez y su comitiva partir\u00e1n hacia Brasilia, sede del encuentro organizado por el presidente de Brasil, Luiz In\u00e1cio Lula Da Silva.<\/p>\n\n\n\n<p>La reuni\u00f3n se llevar\u00e1 a cabo el martes desde las 10 en el Palacio de Itamaraty de Brasilia, con agenda abierta, y con un horario tentativo de finalizaci\u00f3n a las 18, informaron fuentes del Gobierno argentino.<\/p>\n\n\n\n<p>En la reuni\u00f3n se buscar\u00e1 motorizar la Unasur que, con el regreso de la Argentina y Brasil, vuelve a tener los seis pa\u00edses necesarios para poder sesionar, ya que en su carta constitutiva remarca que tiene que tener la mitad de los miembros, que son 12.<\/p>\n\n\n\n<p>Los seis pa\u00edses que actualmente conforman la Unasur son la Argentina, Bolivia, Brasil, Guyana, Surinam y Venezuela. Los seis restantes son Chile, Colombia, Ecuador, Paraguay, Per\u00fa y Uruguay. Todos han sido invitados por el Gobierno brasile\u00f1o, seg\u00fan detall\u00f3 el jueves pasado el canciller brasile\u00f1o Mauro Vieira.<\/p>\n\n\n\n<p>B\u00e1sicamente los m\u00e1s cercanos ser\u00edan Colombia y Chile, aunque para poder volver al organismo tienen que pasar por su Parlamento, a\u00f1adieron las fuentes.<\/p>\n\n\n\n<p>Asimismo, se discutir\u00e1 la pol\u00edtica de integraci\u00f3n latinoamericana y llegar a la conclusi\u00f3n de si el mejor mecanismo para lograrlo sea a trav\u00e9s de la Unasur y, de este modo, sumarle m\u00e1s m\u00fasculo pol\u00edtico -que ya tuvo su primer gesto con la vuelta de la Argentina y Brasil que anunciaron Fern\u00e1ndez y Lula este a\u00f1o- y que sea un espacio estrat\u00e9gico determinante de la presencia internacional de Sudam\u00e9rica.<\/p>\n\n\n\n<p>Esta actividad ser\u00e1 el primer acto pol\u00edtico concreto impulsado por el presidente de Brasil, donde explicitar\u00e1 su voluntad de generar el consenso necesario que convalide su vocaci\u00f3n de liderar este nuevo proceso de integraci\u00f3n.<\/p>\n\n\n\n<p>Los secretarios generales que tuvo la Unasur fueron N\u00e9stor Kirchner, entre mayo y octubre de 2010; Mar\u00eda Emma Mej\u00eda, excanciller de Colombia, entre mayo de 2011 y junio de 2012; Al\u00ed Rodr\u00edguez Araque, excanciller de Venezuela; entre junio de 2012 y agosto de 2014; y Ernesto Samper Pizano, expresidente de Colombia, entre agosto de 2014 y enero de 2017.<\/p>\n\n\n\n<p>El 12 de abril de 2019, durante la presidencia de Mauricio Macri, el Gobierno argentino hab\u00eda decidido retirarse del organismo.<\/p>\n\n\n\n<p>\u00abEsta decisi\u00f3n fue tomada en el marco de la crisis que aqueja a ese organismo, manifestada en la acefal\u00eda de la Secretar\u00eda General por m\u00e1s de dos a\u00f1os, as\u00ed como una agenda con alto contenido ideol\u00f3gico y muy alejada de sus objetivos iniciales y el desorden administrativo que prevaleci\u00f3 en la organizaci\u00f3n los \u00faltimos tiempos\u00bb, se\u00f1al\u00f3 en aquella oportunidad la Canciller\u00eda argentina.<\/p>\n\n\n\n<p>El pasado 6 de abril, el canciller Cafiero public\u00f3 en su cuenta de Twitter la nota firmada el d\u00eda anterior por la cual la Argentina volv\u00eda formalmente a la Unasur: \u00abPara el Gobierno argentino es crucial toda instancia que agregue poder de decisi\u00f3n nacional y consolidaci\u00f3n de una regi\u00f3n cada vez m\u00e1s integrada, con mayor comercio intrazona y mejores niveles de cooperaci\u00f3n en pos de su desarrollo\u00bb, expres\u00f3 en esa oportunidad.<\/p>\n\n\n\n<p>La cumbre en Brasilia se dar\u00e1 d\u00edas despu\u00e9s de que el propio Lula le pidiera a la directora gerente del Fondo Monetario Internacional (FMI Kristalina Georgieva \u00abdarle tiempo\u00bb a la Argentina para cumplir los compromisos financieros con el organismo de manera que pueda recuperarse econ\u00f3micamente.<\/p>\n\n\n\n<p>Lo hizo durante el encuentro de media hora mantenido el 20 de este mes en Hiroshima, Jap\u00f3n, donde Lula particip\u00f3 como invitado de la cumbre del Grupo de los 7 (G7), tal como lo hab\u00eda hecho Alberto Fern\u00e1ndez en 2022 en Alemania.<\/p>\n\n\n\n<p>Tras el periplo en Brasil, el Presidente argentino se trasladar\u00e1 a la ciudad boliviana de Yacuiba, donde el jueves pr\u00f3ximo inaugurar\u00e1, junto a su par boliviano Luis Arce, la primera obra de conexi\u00f3n el\u00e9ctrica entre ambos pa\u00edses.<\/p>\n\n\n\n<p>Argentina y Bolivia solo ten\u00edan hasta el momento conexiones gas\u00edferas en com\u00fan. <\/p>\n\n\n\n<p><strong><em>Por Daniel Scar\u00edmbolo para T\u00e9lam<\/em><\/strong><\/p>\n","protected":false},"excerpt":{"rendered":"<p>El presidente Alberto Fern\u00e1ndez dedicar\u00e1 la semana a una agenda latinoamericana: recibir\u00e1 este lunes al&#8230;<\/p>\n","protected":false},"author":1,"featured_media":59656,"comment_status":"closed","ping_status":"closed","sticky":false,"template":"","format":"standard","meta":{"footnotes":""},"categories":[5],"tags":[],"class_list":["post-61098","post","type-post","status-publish","format-standard","has-post-thumbnail","hentry","category-el-pais"],"_links":{"self":[{"href":"https:\/\/conurbanodiario.com.ar\/index.php?rest_route=\/wp\/v2\/posts\/61098","targetHints":{"allow":["GET"]}}],"collection":[{"href":"https:\/\/conurbanodiario.com.ar\/index.php?rest_route=\/wp\/v2\/posts"}],"about":[{"href":"https:\/\/conurbanodiario.com.ar\/index.php?rest_route=\/wp\/v2\/types\/post"}],"author":[{"embeddable":true,"href":"https:\/\/conurbanodiario.com.ar\/index.php?rest_route=\/wp\/v2\/users\/1"}],"replies":[{"embeddable":true,"href":"https:\/\/conurbanodiario.com.ar\/index.php?rest_route=%2Fwp%2Fv2%2Fcomments&post=61098"}],"version-history":[{"count":1,"href":"https:\/\/conurbanodiario.com.ar\/index.php?rest_route=\/wp\/v2\/posts\/61098\/revisions"}],"predecessor-version":[{"id":61100,"href":"https:\/\/conurbanodiario.com.ar\/index.php?rest_route=\/wp\/v2\/posts\/61098\/revisions\/61100"}],"wp:featuredmedia":[{"embeddable":true,"href":"https:\/\/conurbanodiario.com.ar\/index.php?rest_route=\/wp\/v2\/media\/59656"}],"wp:attachment":[{"href":"https:\/\/conurbanodiario.com.ar\/index.php?rest_route=%2Fwp%2Fv2%2Fmedia&parent=61098"}],"wp:term":[{"taxonomy":"category","embeddable":true,"href":"https:\/\/conurbanodiario.com.ar\/index.php?rest_route=%2Fwp%2Fv2%2Fcategories&post=61098"},{"taxonomy":"post_tag","embeddable":true,"href":"https:\/\/conurbanodiario.com.ar\/index.php?rest_route=%2Fwp%2Fv2%2Ftags&post=61098"}],"curies":[{"name":"wp","href":"https:\/\/api.w.org\/{rel}","templated":true}]}}