{"id":61092,"date":"2023-05-29T01:03:00","date_gmt":"2023-05-29T04:03:00","guid":{"rendered":"https:\/\/conurbanodiario.com.ar\/?p=61092"},"modified":"2023-06-01T04:38:29","modified_gmt":"2023-06-01T07:38:29","slug":"fin-de-semana-largo-viajaron-13-millones-de-turistas-que-gastaron-47-433-millones","status":"publish","type":"post","link":"https:\/\/conurbanodiario.com.ar\/?p=61092","title":{"rendered":"FIN DE SEMANA LARGO: VIAJARON 1,3 MILLONES DE TURISTAS QUE GASTARON $47.433 MILLONES"},"content":{"rendered":"\n<p>El fin de semana extra largo totaliz\u00f3 1,3 millones de turistas que viajaron por todo el pa\u00eds y registraron un gasto total de $47.433 millones en alojamiento, alimentos, bebidas, transporte, recreaci\u00f3n y compras, de acuerdo a un relevamiento de la Confederaci\u00f3n Argentina de la Mediana Empresa (CAME).<\/p>\n\n\n\n<p>Desde la entidad pyme se\u00f1alaron que en t\u00e9rminos reales \u201clos visitantes gastaron, en promedio, un 20,6% m\u00e1s que en 2018, la \u00faltima vez que el feriado por esta fecha patria dio lugar a un fin de semana tur\u00edstico\u201d.<\/p>\n\n\n\n<p>Respecto a 2018, en 2023 se moviliz\u00f3 un 51,7% m\u00e1s de gente, que \u201cse explica en parte porque en aquella oportunidad el feriado fue de solo 3 jornadas, pero tambi\u00e9n por la incidencia del PreViaje 4 y el Mundial Sub20 que se desarrolla en nuestro pa\u00eds\u201d, argumentaron desde la entidad empresaria.<\/p>\n\n\n\n<p>A esto se sum\u00f3 la presencia de turistas extranjeros, especialmente en las provincias sedes del Mundial Sub-20 y en la Ciudad de Buenos Aires.<\/p>\n\n\n\n<p>A precios reales, el gasto total result\u00f3 111,2% superior a 2018, y la raz\u00f3n del fuerte aumento fue \u00abpor el crecimiento en la cantidad de gente que se traslad\u00f3, por el mayor desembolso promedio diario a precios reales, dado que la gente gasta m\u00e1s en viaje, y porque hubo un d\u00eda m\u00e1s de feriado que marc\u00f3 diferencia\u201d, detallaron.<\/p>\n\n\n\n<p>En relaci\u00f3n al costo individual, los turistas gastaron, en promedio, $11.978 diarios, un 20,6% m\u00e1s que en 2018 comparando a precios reales, y la estad\u00eda media fue de 3 d\u00edas, algo menor a lo que habitualmente ocurre un fin de semana largo de 4 jornadas.<\/p>\n\n\n\n<p>Asimismo, el programa PreViaje, en su cuarta versi\u00f3n, moviliz\u00f3 224 mil turistas y gener\u00f3 $15.043 millones en gastos s\u00f3lo este fin de semana, seg\u00fan el reporte de CAME.<\/p>\n\n\n\n<p>En tanto, Aerol\u00edneas Argentinas transport\u00f3 230 mil pasajeros entre jueves y domingo, con Salta, C\u00f3rdoba, Iguaz\u00fa, Mendoza, Bariloche, El Calafate y Ushuaia como destinos m\u00e1s elegidos.<\/p>\n\n\n\n<p>El mundial Sub-20 de f\u00fatbol tambi\u00e9n moviliz\u00f3 a miles de turistas nacionales e internacionales a Santiago del Estero, San Juan, Mendoza y La Plata, que fueron sedes de los partidos.<\/p>\n\n\n\n<p>Por provincias, entre las que registraron mayores niveles de ocupaci\u00f3n en el fin de semana, en la provincia de Buenos Aires, los niveles de ocupaci\u00f3n de las plazas disponibles para la \u00e9poca llegaron a 100% en Tandil, 85% en Mar del Plata, 65% en Villa Gesell, 60% en Pinamar, 80% en San Clemente del Tuy\u00fa, 80% en Jun\u00edn y 85% en Chascom\u00fas.<\/p>\n\n\n\n<p>La Ciudad de Buenos Aires, por su parte, registr\u00f3 el ingreso de 114.373 turistas que dejaron un impacto econ\u00f3mico de $8.367 millones, con una ocupaci\u00f3n promedio del 77%.<\/p>\n\n\n\n<p>Catamarca registr\u00f3 niveles de ocupaci\u00f3n que promediaron el 80%; C\u00f3rdoba, uno de entre 60% y 80%, dependiendo el destino, con un movimiento tur\u00edstico intenso en todo el territorio; y Entre R\u00edos, Jujuy y la Rioja con una ocupaci\u00f3n promedio de 90% cada una.<\/p>\n\n\n\n<p>Adem\u00e1s, Mendoza tuvo niveles de ocupaci\u00f3n de 85%, con 92% en el \u00e1rea metropolitana; Misiones tuvo en el Parque Iguaz\u00fa una ocupaci\u00f3n promedio del 92%; y a Neuqu\u00e9n ingresaron 15 mil turistas con un gasto estimado en $1.000 millones.<\/p>\n\n\n\n<p>San Juan tuvo un 94% de ocupaci\u00f3n en promedio y en Salta el alojamiento lleg\u00f3 a un nivel de 95% en el distrito, mientras que en R\u00edo Negro, Bariloche tuvo ocupaci\u00f3n casi plena, seg\u00fan la C\u00e1mara de Turismo local.<\/p>\n","protected":false},"excerpt":{"rendered":"<p>El fin de semana extra largo totaliz\u00f3 1,3 millones de turistas que viajaron por todo&#8230;<\/p>\n","protected":false},"author":1,"featured_media":59656,"comment_status":"closed","ping_status":"closed","sticky":false,"template":"","format":"standard","meta":{"footnotes":""},"categories":[1,5],"tags":[],"class_list":["post-61092","post","type-post","status-publish","format-standard","has-post-thumbnail","hentry","category-noticia-del-dia","category-el-pais"],"_links":{"self":[{"href":"https:\/\/conurbanodiario.com.ar\/index.php?rest_route=\/wp\/v2\/posts\/61092","targetHints":{"allow":["GET"]}}],"collection":[{"href":"https:\/\/conurbanodiario.com.ar\/index.php?rest_route=\/wp\/v2\/posts"}],"about":[{"href":"https:\/\/conurbanodiario.com.ar\/index.php?rest_route=\/wp\/v2\/types\/post"}],"author":[{"embeddable":true,"href":"https:\/\/conurbanodiario.com.ar\/index.php?rest_route=\/wp\/v2\/users\/1"}],"replies":[{"embeddable":true,"href":"https:\/\/conurbanodiario.com.ar\/index.php?rest_route=%2Fwp%2Fv2%2Fcomments&post=61092"}],"version-history":[{"count":1,"href":"https:\/\/conurbanodiario.com.ar\/index.php?rest_route=\/wp\/v2\/posts\/61092\/revisions"}],"predecessor-version":[{"id":61094,"href":"https:\/\/conurbanodiario.com.ar\/index.php?rest_route=\/wp\/v2\/posts\/61092\/revisions\/61094"}],"wp:featuredmedia":[{"embeddable":true,"href":"https:\/\/conurbanodiario.com.ar\/index.php?rest_route=\/wp\/v2\/media\/59656"}],"wp:attachment":[{"href":"https:\/\/conurbanodiario.com.ar\/index.php?rest_route=%2Fwp%2Fv2%2Fmedia&parent=61092"}],"wp:term":[{"taxonomy":"category","embeddable":true,"href":"https:\/\/conurbanodiario.com.ar\/index.php?rest_route=%2Fwp%2Fv2%2Fcategories&post=61092"},{"taxonomy":"post_tag","embeddable":true,"href":"https:\/\/conurbanodiario.com.ar\/index.php?rest_route=%2Fwp%2Fv2%2Ftags&post=61092"}],"curies":[{"name":"wp","href":"https:\/\/api.w.org\/{rel}","templated":true}]}}