{"id":61082,"date":"2023-05-29T01:05:00","date_gmt":"2023-05-29T04:05:00","guid":{"rendered":"https:\/\/conurbanodiario.com.ar\/?p=61082"},"modified":"2023-06-01T04:38:28","modified_gmt":"2023-06-01T07:38:28","slug":"taiana-encabezara-el-acto-por-el-dia-del-ejercito","status":"publish","type":"post","link":"https:\/\/conurbanodiario.com.ar\/?p=61082","title":{"rendered":"TAIANA ENCABEZAR\u00c1 EL ACTO POR EL D\u00cdA DEL EJ\u00c9RCITO"},"content":{"rendered":"\n<p>El ministro de Defensa, Jorge Taiana, y el jefe del Estado Mayor General del Ej\u00e9rcito, teniente General Guillermo Pereda, encabezar\u00e1n este lunes el acto por el 213\u00b0 aniversario del Ej\u00e9rcito Argentino.<\/p>\n\n\n\n<p>La conmemoraci\u00f3n se realizar\u00e1 a las 9.30 en el Colegio Militar de la Naci\u00f3n, en la localidad bonaerense El Palomar, en el partido de Mor\u00f3n, inform\u00f3 Defensa.<\/p>\n\n\n\n<p>Adem\u00e1s habr\u00e1 una muestra \u00abcon las recientes adquisiciones de armamento, equipamiento y materiales para la Fuerza incorporados gracias al Fondo Nacional de la Defensa (Fondef)\u00bb, a\u00f1adi\u00f3 la cartera de Taiana.<\/p>\n\n\n\n<p>El Ej\u00e9rcito Argentino data del 29 de mayo de 1810, cuando la Primera Junta de Gobierno dio nacimiento formal a la fuerza al reconocer el trabajo de las tropas militares durante el proceso revolucionario, y \u00abelev\u00f3 a Regimientos a los batallones existentes y reorganiz\u00f3 las unidades dispuestas en todo el territorio\u00bb, recuerda la Universidad de la Defensa Nacional (Undef).<\/p>\n\n\n\n<p>El 28 de mayo de 1810 \u00abse hab\u00eda gestado el Departamento de Gobierno y Guerra, cuyo secretario fue Mariano Moreno. De inmediato, se expidi\u00f3 un Bando de la Junta que orden\u00f3 la entrega de armas de cualquier tipo en poder de los particulares, con el prop\u00f3sito de asegurar el armamento de una fuerza org\u00e1nica\u00bb, rememora.<\/p>\n\n\n\n<p>De esa forma, contin\u00faa, \u00abse institucionalizaron las fuerzas existentes, se dieron los primeros pasos hacia la formaci\u00f3n del Ej\u00e9rcito Patriota que luego comenzar\u00eda el camino hacia la Independencia, declarada seis a\u00f1os despu\u00e9s\u00bb. <\/p>\n","protected":false},"excerpt":{"rendered":"<p>El ministro de Defensa, Jorge Taiana, y el jefe del Estado Mayor General del Ej\u00e9rcito,&#8230;<\/p>\n","protected":false},"author":1,"featured_media":59656,"comment_status":"closed","ping_status":"closed","sticky":false,"template":"","format":"standard","meta":{"footnotes":""},"categories":[5],"tags":[],"class_list":["post-61082","post","type-post","status-publish","format-standard","has-post-thumbnail","hentry","category-el-pais"],"_links":{"self":[{"href":"https:\/\/conurbanodiario.com.ar\/index.php?rest_route=\/wp\/v2\/posts\/61082","targetHints":{"allow":["GET"]}}],"collection":[{"href":"https:\/\/conurbanodiario.com.ar\/index.php?rest_route=\/wp\/v2\/posts"}],"about":[{"href":"https:\/\/conurbanodiario.com.ar\/index.php?rest_route=\/wp\/v2\/types\/post"}],"author":[{"embeddable":true,"href":"https:\/\/conurbanodiario.com.ar\/index.php?rest_route=\/wp\/v2\/users\/1"}],"replies":[{"embeddable":true,"href":"https:\/\/conurbanodiario.com.ar\/index.php?rest_route=%2Fwp%2Fv2%2Fcomments&post=61082"}],"version-history":[{"count":1,"href":"https:\/\/conurbanodiario.com.ar\/index.php?rest_route=\/wp\/v2\/posts\/61082\/revisions"}],"predecessor-version":[{"id":61084,"href":"https:\/\/conurbanodiario.com.ar\/index.php?rest_route=\/wp\/v2\/posts\/61082\/revisions\/61084"}],"wp:featuredmedia":[{"embeddable":true,"href":"https:\/\/conurbanodiario.com.ar\/index.php?rest_route=\/wp\/v2\/media\/59656"}],"wp:attachment":[{"href":"https:\/\/conurbanodiario.com.ar\/index.php?rest_route=%2Fwp%2Fv2%2Fmedia&parent=61082"}],"wp:term":[{"taxonomy":"category","embeddable":true,"href":"https:\/\/conurbanodiario.com.ar\/index.php?rest_route=%2Fwp%2Fv2%2Fcategories&post=61082"},{"taxonomy":"post_tag","embeddable":true,"href":"https:\/\/conurbanodiario.com.ar\/index.php?rest_route=%2Fwp%2Fv2%2Ftags&post=61082"}],"curies":[{"name":"wp","href":"https:\/\/api.w.org\/{rel}","templated":true}]}}