{"id":61079,"date":"2023-05-29T01:00:00","date_gmt":"2023-05-29T04:00:00","guid":{"rendered":"https:\/\/conurbanodiario.com.ar\/?p=61079"},"modified":"2023-06-01T04:38:29","modified_gmt":"2023-06-01T07:38:29","slug":"argentina-enfrentara-a-nigeria-por-los-octavos-de-final-del-mundial-sub-20","status":"publish","type":"post","link":"https:\/\/conurbanodiario.com.ar\/?p=61079","title":{"rendered":"ARGENTINA ENFRENTAR\u00c1 A NIGERIA POR LOS OCTAVOS DE FINAL DEL MUNDIAL SUB-20"},"content":{"rendered":"\n<p>El seleccionado argentino Sub-20 enfrentar\u00e1 a su par de Nigeria por los octavos de final del Mundial Argentina 2023, el pr\u00f3ximo mi\u00e9rcoles a las 18 en el estadio San Juan del Bicentenario.<\/p>\n\n\n\n<p>Tras la resoluci\u00f3n del grupo E, se confirm\u00f3 que Jap\u00f3n, tercero del grupo C, se qued\u00f3 afuera de competencia y el rival de la \u00abalbiceleste\u00bb pas\u00f3 a ser el conjunto africano, que termin\u00f3 en el tercer lugar del D.<\/p>\n\n\n\n<p>Con 6 puntos sobre 9, las \u00abS\u00faper \u00c1guilas\u00bb finalizar\u00e1n la fase de grupos como el mejor tercero y se cruzar\u00e1n con la Argentina en esta categor\u00eda por segunda vez en la historia.<\/p>\n\n\n\n<p>El antecedente es favorable para el equipo argentino ya que fue en la final de 2005 que signific\u00f3 el quinto de los seis t\u00edtulos que se ganaron en la historia de los Mundiales Sub-20.<\/p>\n\n\n\n<p>Con dos goles de un tal Lionel Messi, el seleccionado que dirig\u00eda Francisco Ferraro le gan\u00f3 por 2-1 al seleccionado encabezado por John Obi Mikel y se consagr\u00f3 campe\u00f3n en Pa\u00edses Bajos.<\/p>\n\n\n\n<p>Nigeria disputa su 13ra Copa del Mundo juvenil y su otra mejor actuaci\u00f3n fue cuando tambi\u00e9n jug\u00f3 la final de la edici\u00f3n 1989 que perdi\u00f3 ante Portugal.<\/p>\n\n\n\n<p>Las \u00ab\u00c1guilas\u00bb clasificaron a este Mundial tras terminar en el tercer lugar de la Copa Africana de Naciones que se disput\u00f3 a principios de a\u00f1o.<\/p>\n\n\n\n<p>El plantel lleg\u00f3 a nuestro pa\u00eds el pasado el 8 de mayo a Buenos Aires y durante la preparaci\u00f3n jugaron un amistoso contra los suplentes de Almirante Brown que termin\u00f3 en empate 2-2.<\/p>\n\n\n\n<p>Nigeria cay\u00f3 en el grupo de la \u00abmuerte\u00bb junto a Brasil e Italia m\u00e1s el debutante Rep\u00fablica Dominicana.<\/p>\n\n\n\n<p>Pese a la dificultad de la zona, el equipo dirigido por Ladan Bosso termin\u00f3 con dos triunfos, una derrota, cuatro goles a favor y tres en contra.<\/p>\n\n\n\n<p>Debut\u00f3 con victoria ante Dominicana (2-1), despu\u00e9s super\u00f3 a Italia por (2-0), ambos en Mendoza, y cerr\u00f3 con derrota ante Brasil (2-0) en La Plata.<\/p>\n\n\n\n<p>El arquero titular es Aniagbosso, de buen porte f\u00edsico pero con altos y bajos. Tuvo una floja respuesta en los dos goles de Brasil en la \u00faltima fecha pero tambi\u00e9n salv\u00f3 a su equipo de una derrota m\u00e1s amplia.<\/p>\n\n\n\n<p>En los tres partidos jug\u00f3 con l\u00ednea de 4: el lateral derecho es el capit\u00e1n Daniel Bameyi, de 17 a\u00f1os, que fue cuestionado por su club de origen. Tambi\u00e9n puede jugar de central y as\u00ed lo hizo ante Brasil.<\/p>\n\n\n\n<p>La historia de Bameyi, quien ya fue citado a la mayor por el portugu\u00e9s Jos\u00e9 Peseiro, se replic\u00f3 en todos los diarios del mundo pero la Federaci\u00f3n de Nigeria aclar\u00f3 que Yum Yum FC es una academia de f\u00fatbol con sede Abuja que est\u00e1 afiliada a la entidad.<\/p>\n\n\n\n<p>Los centrales son Benjamin Fredrick (cometi\u00f3 el penal en la primera fecha) y Abel Ogwuche, \u00e9ste \u00faltimo es uno de los pocos que juega en el exterior y desde el a\u00f1o pasado milita en la segunda de Suecia; y el lateral por izquierda es Solomon Agbalaka.<\/p>\n\n\n\n<p>El volante de recuperaci\u00f3n es una de las sorpresas del equipo. Se llama Daniel Daga y tiene 16 a\u00f1os reci\u00e9n cumplidos en enero lo que lo convierte en el segundo m\u00e1s joven del Mundial despu\u00e9s del ecuatoriano P\u00e1ez.<\/p>\n\n\n\n<p>A su lado se ubica Samson Lawal, autor del gol del gol de la victoria en el debut, y el tercer volante es la principal figura: Victor Eletu que pertenece al equipo B de Milan, de Italia.<\/p>\n\n\n\n<p>El extremo por derecha vari\u00f3 entre Ibrahim Muhammad y el potente Emmanuel Umeh, de la primera divisi\u00f3n de Bulgaria.<\/p>\n\n\n\n<p>El caso de Muhammad es llamativo ya que para la FIFA pertenece a Cartagena FC, de Espa\u00f1a, pero el club nunca oficializ\u00f3 la contrataci\u00f3n del delantero pese a estar en negociaciones desde abril.<\/p>\n\n\n\n<p>El centrodelantero, tanto en el 4-3-3 como en el 4-2-3-1, que inici\u00f3 los tres partidos es Salim Fago, quien abri\u00f3 el marcador contra Italia con un cabezazo.<\/p>\n\n\n\n<p>El jugador m\u00e1s peligroso del ataque es el extremo izquierdo Jude Sunday, quien utiliza el n\u00famero 15. Hizo un gol contra Italia y casi abre el marcador contra Brasil con una tijera que se estrell\u00f3 en el travesa\u00f1o y luego en la l\u00ednea.<\/p>\n\n\n\n<p>Entre los futbolistas de recambio se destaca Rilwanu Sarki, quien en el \u00faltimo partido ante Brasil peg\u00f3 un remate en el palo. <\/p>\n","protected":false},"excerpt":{"rendered":"<p>El seleccionado argentino Sub-20 enfrentar\u00e1 a su par de Nigeria por los octavos de final&#8230;<\/p>\n","protected":false},"author":1,"featured_media":59656,"comment_status":"closed","ping_status":"closed","sticky":false,"template":"","format":"standard","meta":{"footnotes":""},"categories":[1,32],"tags":[],"class_list":["post-61079","post","type-post","status-publish","format-standard","has-post-thumbnail","hentry","category-noticia-del-dia","category-deportes"],"_links":{"self":[{"href":"https:\/\/conurbanodiario.com.ar\/index.php?rest_route=\/wp\/v2\/posts\/61079","targetHints":{"allow":["GET"]}}],"collection":[{"href":"https:\/\/conurbanodiario.com.ar\/index.php?rest_route=\/wp\/v2\/posts"}],"about":[{"href":"https:\/\/conurbanodiario.com.ar\/index.php?rest_route=\/wp\/v2\/types\/post"}],"author":[{"embeddable":true,"href":"https:\/\/conurbanodiario.com.ar\/index.php?rest_route=\/wp\/v2\/users\/1"}],"replies":[{"embeddable":true,"href":"https:\/\/conurbanodiario.com.ar\/index.php?rest_route=%2Fwp%2Fv2%2Fcomments&post=61079"}],"version-history":[{"count":1,"href":"https:\/\/conurbanodiario.com.ar\/index.php?rest_route=\/wp\/v2\/posts\/61079\/revisions"}],"predecessor-version":[{"id":61081,"href":"https:\/\/conurbanodiario.com.ar\/index.php?rest_route=\/wp\/v2\/posts\/61079\/revisions\/61081"}],"wp:featuredmedia":[{"embeddable":true,"href":"https:\/\/conurbanodiario.com.ar\/index.php?rest_route=\/wp\/v2\/media\/59656"}],"wp:attachment":[{"href":"https:\/\/conurbanodiario.com.ar\/index.php?rest_route=%2Fwp%2Fv2%2Fmedia&parent=61079"}],"wp:term":[{"taxonomy":"category","embeddable":true,"href":"https:\/\/conurbanodiario.com.ar\/index.php?rest_route=%2Fwp%2Fv2%2Fcategories&post=61079"},{"taxonomy":"post_tag","embeddable":true,"href":"https:\/\/conurbanodiario.com.ar\/index.php?rest_route=%2Fwp%2Fv2%2Ftags&post=61079"}],"curies":[{"name":"wp","href":"https:\/\/api.w.org\/{rel}","templated":true}]}}