{"id":61075,"date":"2023-05-29T01:09:00","date_gmt":"2023-05-29T04:09:00","guid":{"rendered":"https:\/\/conurbanodiario.com.ar\/?p=61075"},"modified":"2023-06-01T04:38:28","modified_gmt":"2023-06-01T07:38:28","slug":"kreplak-la-situacion-actual-del-pico-de-casos-de-bronquiolitis-es-grave","status":"publish","type":"post","link":"https:\/\/conurbanodiario.com.ar\/?p=61075","title":{"rendered":"KREPLAK: &#8220;LA SITUACI\u00d3N ACTUAL DEL PICO DE CASOS DE BRONQUIOLITIS ES GRAVE&#8221;"},"content":{"rendered":"\n<p>El ministro de Salud de la provincia de Buenos Aires, Nicol\u00e1s Kreplak, asegur\u00f3 que la que \u201cla situaci\u00f3n actual del pico de casos de bronquiolitis es grave, porque llega con muchos casos y varias semanas adelantando\u201d.<\/p>\n\n\n\n<p>En su cuenta oficial de Twitter explico: \u201cLo sabemos porque pas\u00f3 en hemisferio norte en la \u00faltima temporada y porque ya lo empezamos a ver en nuestro pa\u00eds. Pasa en todos lados. No solo en la provincia\u201d.<\/p>\n\n\n\n<p>\u201cVemos que para la semana 19, segunda de mayo de este a\u00f1o, los casos ya est\u00e1n por encima de la semana 27 de 2022 que corresponde a la primera de julio\u201d, analiz\u00f3 el responsable de la cartera sanitaria del gobierno de Axel Kicillof.<\/p>\n\n\n\n<p>En otro tuit puntualiz\u00f3 que \u201csi se desagrega, separado en edades, vemos que los casos en ni\u00f1os y ni\u00f1as de 6 a 23 meses tuvieron un considerable incremento desde la primera semana de abril. Muy adelantado para esta temporada y vamos a tener m\u00e1s casos\u201d.<\/p>\n\n\n\n<p>\u201cEsto se da en un contexto nacional de falta de pediatras. En la provincia, reforzamos los hospitales, pusimos los servicios a disposici\u00f3n de esta situaci\u00f3n y adem\u00e1s lanzamos un plan de incentivo para que profesionales se vuelquen a la exclusividad de la pediatr\u00eda\u201d, concluy\u00f3 el ministro.<\/p>\n\n\n\n<p>La semana pasada Kreplak hab\u00eda advertido que \u00abestamos ante la peor epidemia de bronquiolitis que tengamos registro\u00bb, tras alertar sobre la gravedad de esta enfermedad respiratoria en beb\u00e9s y menores de 2 a\u00f1os.<\/p>\n\n\n\n<p>En esa oportunidad, el funcionario explic\u00f3 que este pico de casos se debe a que durante los a\u00f1os de la pandemia no hubo circulaci\u00f3n de la bronquiolitis, por lo que \u00abhay una falta de anticuerpos en los nenes y hay m\u00e1s nenes susceptibles de lo que debiera haber a\u00f1o tras a\u00f1o\u00bb.<\/p>\n\n\n\n<p>Por su parte, Eduardo Pucci, director del Hospital de Ni\u00f1os Sor Mar\u00eda Ludovica de La Plata, hab\u00eda se\u00f1alado que \u201cdurante la \u00faltima semana han estado aumentado los casos en la provincia un 20%\u00bb y recomend\u00f3 \u201cuna vacunaci\u00f3n completa para ni\u00f1os y adultos\u00bb y potenciar \u00abmedidas de cuidado\u00bb.<\/p>\n","protected":false},"excerpt":{"rendered":"<p>El ministro de Salud de la provincia de Buenos Aires, Nicol\u00e1s Kreplak, asegur\u00f3 que la&#8230;<\/p>\n","protected":false},"author":1,"featured_media":59656,"comment_status":"closed","ping_status":"closed","sticky":false,"template":"","format":"standard","meta":{"footnotes":""},"categories":[31],"tags":[],"class_list":["post-61075","post","type-post","status-publish","format-standard","has-post-thumbnail","hentry","category-salud"],"_links":{"self":[{"href":"https:\/\/conurbanodiario.com.ar\/index.php?rest_route=\/wp\/v2\/posts\/61075","targetHints":{"allow":["GET"]}}],"collection":[{"href":"https:\/\/conurbanodiario.com.ar\/index.php?rest_route=\/wp\/v2\/posts"}],"about":[{"href":"https:\/\/conurbanodiario.com.ar\/index.php?rest_route=\/wp\/v2\/types\/post"}],"author":[{"embeddable":true,"href":"https:\/\/conurbanodiario.com.ar\/index.php?rest_route=\/wp\/v2\/users\/1"}],"replies":[{"embeddable":true,"href":"https:\/\/conurbanodiario.com.ar\/index.php?rest_route=%2Fwp%2Fv2%2Fcomments&post=61075"}],"version-history":[{"count":2,"href":"https:\/\/conurbanodiario.com.ar\/index.php?rest_route=\/wp\/v2\/posts\/61075\/revisions"}],"predecessor-version":[{"id":61078,"href":"https:\/\/conurbanodiario.com.ar\/index.php?rest_route=\/wp\/v2\/posts\/61075\/revisions\/61078"}],"wp:featuredmedia":[{"embeddable":true,"href":"https:\/\/conurbanodiario.com.ar\/index.php?rest_route=\/wp\/v2\/media\/59656"}],"wp:attachment":[{"href":"https:\/\/conurbanodiario.com.ar\/index.php?rest_route=%2Fwp%2Fv2%2Fmedia&parent=61075"}],"wp:term":[{"taxonomy":"category","embeddable":true,"href":"https:\/\/conurbanodiario.com.ar\/index.php?rest_route=%2Fwp%2Fv2%2Fcategories&post=61075"},{"taxonomy":"post_tag","embeddable":true,"href":"https:\/\/conurbanodiario.com.ar\/index.php?rest_route=%2Fwp%2Fv2%2Ftags&post=61075"}],"curies":[{"name":"wp","href":"https:\/\/api.w.org\/{rel}","templated":true}]}}