{"id":61070,"date":"2023-05-24T01:10:00","date_gmt":"2023-05-24T04:10:00","guid":{"rendered":"https:\/\/conurbanodiario.com.ar\/?p=61070"},"modified":"2023-06-01T04:38:29","modified_gmt":"2023-06-01T07:38:29","slug":"los-condenaron-a-21-anos-de-carcel-por-matar-a-un-barra-de-quilmes-y-a-su-hija-de-3-anos","status":"publish","type":"post","link":"https:\/\/conurbanodiario.com.ar\/?p=61070","title":{"rendered":"LOS CONDENARON A 21 A\u00d1OS DE C\u00c1RCEL POR MATAR A UN BARRA DE QUILMES Y A SU HIJA DE 3 A\u00d1OS"},"content":{"rendered":"\n<p>Dos hombres fueron condenados a 21 a\u00f1os de prisi\u00f3n por el doble crimen de un exbarra de Quilmes y su hija de 3, asesinados a balazos por dos sicarios en moto cuando en febrero de 2016 tomaban mate con su familia en la puerta de su casa de Bernal Oeste, informaron fuentes judiciales.<\/p>\n\n\n\n<p>La pena del Tribunal Oral en lo Criminal (TOC) 4 quilme\u00f1o recay\u00f3 sobre Tom\u00e1s Enzo \u00abTomy\u00bb Amarilla (26) y Mauricio Blas Javier \u00abMauri\u00bb Rodr\u00edguez (30), este \u00faltimo hermano del exjefe de la hinchada de Independiente, C\u00e9sar Hugo \u00abLoquillo\u00bb Rodr\u00edguez (46), que fue absuelto en el juicio oral realizado por los homicidios de Fabi\u00e1n \u00abEl Animal\u00bb Guzm\u00e1n (40) y de su hija M\u00eda.<\/p>\n\n\n\n<p>Fuentes judiciales informaron que en su alegato, el fiscal de juicio Claudio Pelayo desisti\u00f3 de acusar a \u00abLoquillo\u00bb, quien por esta causa lleg\u00f3 en libertad, aunque est\u00e1 detenido por otra, al considerar que no estuvo en el lugar al momento del hecho.<\/p>\n\n\n\n<p>En tanto, para su hermano \u00abMauri\u00bb -que integraba una facci\u00f3n de la barra de Quilmes- solicit\u00f3 23 a\u00f1os de prisi\u00f3n y para \u00abTomy\u00bb 25, quienes tambi\u00e9n fueron juzgados por un \u00abrobo agravado en concurso real con lesiones graves y privaci\u00f3n ileg\u00edtima de la libertad\u00bb.<\/p>\n\n\n\n<p>Finalmente, los jueces Alberto Elio Ojeda, Andrea Vanina Calaza y Edgardo Salatino avalaron lo solicitado por la fiscal\u00eda, pero los conden\u00f3 a 21 a\u00f1os.<\/p>\n\n\n\n<p>El hecho ventilado en el debate ocurri\u00f3 el 28 de febrero de 2016 cuando Guzm\u00e1n y su hija se encontraban en la puerta de su casa, ubicada en 193 bis entre Agust\u00edn Pedemonte y Rodolfo Ragucci, en el barrio La Ca\u00f1ada, de Bernal Oeste, partido de Quilmes.<\/p>\n\n\n\n<p>Guzm\u00e1n y su familia tomaban mate cuando dos personas a bordo de una moto Honda Tornado pasaron por el lugar, uno de ellos extrajo una pistola y dispar\u00f3 varios tiros en su direcci\u00f3n.<\/p>\n\n\n\n<p>Los agresores aceleraron y escaparon del lugar, mientras que los allegados constataron que padre e hija hab\u00edan resultado gravemente heridos, los cargaron en un auto y los trasladaron al hospital de San Francisco Solano.<\/p>\n\n\n\n<p>Seg\u00fan relataron en su momento a la prensa m\u00e9dicos del centro asistencial, ambos llegaron \u00abya muertos\u00bb: Guzm\u00e1n hab\u00eda recibido tres disparos, dos de ellos en el t\u00f3rax, y la ni\u00f1a hab\u00eda sufrido dos balazos, uno de ellos en el abdomen con orificio de salida por la zona lumbar.<\/p>\n\n\n\n<p>En tanto, en el lugar del hecho trabajaron efectivos dependientes de la comisar\u00eda 5ta. de Quilmes, quienes montaron un operativo rastrillaje para ubicar a los asesinos.<\/p>\n\n\n\n<p>Personal policial levant\u00f3 los casquillos expulsados por el arma homicida y solicit\u00f3 las grabaciones de las c\u00e1maras de seguridad instaladas en los alrededores en busca de pistas \u00fatiles sobre los agresores.<\/p>\n\n\n\n<p>Los pesquisas tambi\u00e9n entrevistaron a los allegados de las v\u00edctimas y otros transe\u00fantes que se encontraban en la cuadra al momento del ataque.<\/p>\n\n\n\n<p>De acuerdo con el relato de las fuentes, los pesquisas apuntaron a un m\u00f3vil de venganza o ajuste de cuentas posiblemente vinculado con el pasado de Guzm\u00e1n como miembro de la barrabrava de Quilmes.<\/p>\n\n\n\n<p>Seg\u00fan esta l\u00ednea de trabajo, la v\u00edctima preparaba su regreso a la hinchada y los l\u00edderes de una facci\u00f3n interna opuesta lo mandaron a balear para evitarlo.<\/p>\n\n\n\n<p>Los investigadores tambi\u00e9n averiguaron que Guzm\u00e1n, quien tambi\u00e9n trabajaba como empleado del Ministerio de Desarrollo Social de la Naci\u00f3n y cumpl\u00eda funciones como delegado gremial, era conocido en el barrio por oponerse a la venta de drogas en la zona y que por ello estaba enfrentado a los narcos que dominaban el comercio de estupefacientes en la cercana Villa Itat\u00ed.<\/p>\n\n\n\n<p>Tiempo despu\u00e9s, \u00abLoquillo\u00bb Rodr\u00edguez fue detenido, pero a los tres mese qued\u00f3 libre por falta de pruebas, mientras que los otros dos acusados fueron los se\u00f1alados como los coautores del ataque. <\/p>\n","protected":false},"excerpt":{"rendered":"<p>Dos hombres fueron condenados a 21 a\u00f1os de prisi\u00f3n por el doble crimen de un&#8230;<\/p>\n","protected":false},"author":1,"featured_media":59656,"comment_status":"closed","ping_status":"closed","sticky":false,"template":"","format":"standard","meta":{"footnotes":""},"categories":[29],"tags":[],"class_list":["post-61070","post","type-post","status-publish","format-standard","has-post-thumbnail","hentry","category-judiciales"],"_links":{"self":[{"href":"https:\/\/conurbanodiario.com.ar\/index.php?rest_route=\/wp\/v2\/posts\/61070","targetHints":{"allow":["GET"]}}],"collection":[{"href":"https:\/\/conurbanodiario.com.ar\/index.php?rest_route=\/wp\/v2\/posts"}],"about":[{"href":"https:\/\/conurbanodiario.com.ar\/index.php?rest_route=\/wp\/v2\/types\/post"}],"author":[{"embeddable":true,"href":"https:\/\/conurbanodiario.com.ar\/index.php?rest_route=\/wp\/v2\/users\/1"}],"replies":[{"embeddable":true,"href":"https:\/\/conurbanodiario.com.ar\/index.php?rest_route=%2Fwp%2Fv2%2Fcomments&post=61070"}],"version-history":[{"count":1,"href":"https:\/\/conurbanodiario.com.ar\/index.php?rest_route=\/wp\/v2\/posts\/61070\/revisions"}],"predecessor-version":[{"id":61072,"href":"https:\/\/conurbanodiario.com.ar\/index.php?rest_route=\/wp\/v2\/posts\/61070\/revisions\/61072"}],"wp:featuredmedia":[{"embeddable":true,"href":"https:\/\/conurbanodiario.com.ar\/index.php?rest_route=\/wp\/v2\/media\/59656"}],"wp:attachment":[{"href":"https:\/\/conurbanodiario.com.ar\/index.php?rest_route=%2Fwp%2Fv2%2Fmedia&parent=61070"}],"wp:term":[{"taxonomy":"category","embeddable":true,"href":"https:\/\/conurbanodiario.com.ar\/index.php?rest_route=%2Fwp%2Fv2%2Fcategories&post=61070"},{"taxonomy":"post_tag","embeddable":true,"href":"https:\/\/conurbanodiario.com.ar\/index.php?rest_route=%2Fwp%2Fv2%2Ftags&post=61070"}],"curies":[{"name":"wp","href":"https:\/\/api.w.org\/{rel}","templated":true}]}}