{"id":61058,"date":"2023-05-24T01:08:00","date_gmt":"2023-05-24T04:08:00","guid":{"rendered":"https:\/\/conurbanodiario.com.ar\/?p=61058"},"modified":"2023-06-01T04:38:29","modified_gmt":"2023-06-01T07:38:29","slug":"mayra-recorrio-los-avances-de-obra-del-nuevo-edificio-del-isfdyt-no-83-en-san-francisco-solano","status":"publish","type":"post","link":"https:\/\/conurbanodiario.com.ar\/?p=61058","title":{"rendered":"MAYRA RECORRI\u00d3 LOS AVANCES DE OBRA DEL NUEVO EDIFICIO DEL ISFDyT N\u00ba 83 EN SAN FRANCISCO SOLANO"},"content":{"rendered":"\n<p>La intendenta de Quilmes, Mayra Mendoza, recorri\u00f3 ayer martes el avance de la obra de construcci\u00f3n del nuevo edificio del Instituto Superior de Formaci\u00f3n Docente y T\u00e9cnica (ISFDyT) N\u00ba 83, ubicado en la calle 893 entre 843 y 844, en pleno centro de San Francisco Solano, una obra muy esperada por la comunidad acad\u00e9mica, docentes y estudiantes, ya que es la primera vez en d\u00e9cadas que la entidad va a contar con un edificio propio.<\/p>\n\n\n\n<p><a><\/a>\u201cEsto de poder tener el instituto propio tiene que ver con un Estado presente, con un Estado que se pone al servicio de lo que verdaderamente necesita nuestra comunidad para construir un futuro mejor\u201d, sostuvo la Jefa Comunal.<\/p>\n\n\n\n<p><a><\/a>El proyecto de obra contempla una planta baja que incluye un sal\u00f3n de usos m\u00faltiples (SUM), un comedor y un \u00e1rea administrativa. Luego, en las plantas superiores del edificio, funcionar\u00e1n 24 \u00e1reas educativas que se componen de aulas, talleres, una biblioteca, salas de tecnolog\u00eda, \u00e1reas administrativas, cocina para personal, sala de profesores, Preceptor\u00eda, sala de maternidad, y una amplia terraza de uso com\u00fan en el \u00faltimo piso. En la actualidad, se est\u00e1 ejecutando la etapa de hormigonado de la losa sobre el segundo piso y, en paralelo, empezaron los trabajos de colocaci\u00f3n interior de la mamposter\u00eda en el primer piso. Una vez finalizado, se continuar\u00e1 con los trabajos de carpinter\u00eda de todo el edificio.<\/p>\n\n\n\n<p><a><\/a>La directora del ISFDyT N\u00ba 83, Claudia Ciarlantini, expres\u00f3: \u201cEl instituto cumple 36 a\u00f1os y son 36 a\u00f1os de no tener un edificio propio y en menos de un a\u00f1o ya tenemos las bases de la obra, el 1\u00ba, 2\u00ba y 3\u00ba piso.&nbsp;<a><\/a>Era una deuda importante con la comunidad de Solano y especialmente con los estudiantes que se merec\u00edan este instituto\u201d. La docente celebr\u00f3 la decisi\u00f3n pol\u00edtica de la Intendenta de haber puesto su mirada en Solano y en la creaci\u00f3n de un edificio.&nbsp;<a><\/a><a><\/a>A su vez, Cristian Meza, profesor del instituto, dijo: \u201cEstamos felices. Es un logro enorme de parte de la Provincia y del Municipio, porque adem\u00e1s pone en valor la identidad de Solano y la formaci\u00f3n docente de la provincia.\u201d<\/p>\n\n\n\n<p><a><\/a>Esta obra se desarrolla a trav\u00e9s de un convenio espec\u00edfico en conjunto entre el Municipio y el Gobierno bonaerense que busca mejorar la infraestructura de todos los establecimientos educativos del distrito poniendo en valor las condiciones de trabajo y estudio tanto de los y las docentes as\u00ed como de los y las estudiantes y personal auxiliar que asisten a diario al establecimiento.&nbsp;<\/p>\n\n\n\n<p><a><\/a>Participaron de la recorrida la subsecretaria de Educaci\u00f3n bonaerense, Claudia Bracchi; el secretario de Educaci\u00f3n local, Joaqu\u00edn Desmery; el director general de Infraestructura Escolar, Santiago Brardinelli; el vicepresidente del Consejo Escolar, Gustavo Lappano;&nbsp;<a><\/a>la titular de la UDAI ANSES San Francisco Solano, Florencia Hern\u00e1ndez, y el director del Centro de Gesti\u00f3n y Participaci\u00f3n Ciudadana (CGPC) de Solano, Ram\u00f3n Arce, junto a docentes y estudiantes de la comunidad.<\/p>\n\n\n\n<p><a><\/a>Esta acci\u00f3n forma parte de uno de los 30 compromisos de la gesti\u00f3n que asumi\u00f3 la intendenta Mayra Mendoza para el final de su primer mandato. Para conocer el avance de cada uno de ellos, ingresar en:&nbsp;<a href=\"https:\/\/quilmes.gov.ar\/compromisos\/index.php\" target=\"_blank\" rel=\"noreferrer noopener\">https:\/\/quilmes.gov.ar\/compromisos\/index.php<\/a><a><\/a><\/p>\n","protected":false},"excerpt":{"rendered":"<p>La intendenta de Quilmes, Mayra Mendoza, recorri\u00f3 ayer martes el avance de la obra de&#8230;<\/p>\n","protected":false},"author":1,"featured_media":59656,"comment_status":"closed","ping_status":"closed","sticky":false,"template":"","format":"standard","meta":{"footnotes":""},"categories":[3],"tags":[],"class_list":["post-61058","post","type-post","status-publish","format-standard","has-post-thumbnail","hentry","category-informacion-general"],"_links":{"self":[{"href":"https:\/\/conurbanodiario.com.ar\/index.php?rest_route=\/wp\/v2\/posts\/61058","targetHints":{"allow":["GET"]}}],"collection":[{"href":"https:\/\/conurbanodiario.com.ar\/index.php?rest_route=\/wp\/v2\/posts"}],"about":[{"href":"https:\/\/conurbanodiario.com.ar\/index.php?rest_route=\/wp\/v2\/types\/post"}],"author":[{"embeddable":true,"href":"https:\/\/conurbanodiario.com.ar\/index.php?rest_route=\/wp\/v2\/users\/1"}],"replies":[{"embeddable":true,"href":"https:\/\/conurbanodiario.com.ar\/index.php?rest_route=%2Fwp%2Fv2%2Fcomments&post=61058"}],"version-history":[{"count":2,"href":"https:\/\/conurbanodiario.com.ar\/index.php?rest_route=\/wp\/v2\/posts\/61058\/revisions"}],"predecessor-version":[{"id":61062,"href":"https:\/\/conurbanodiario.com.ar\/index.php?rest_route=\/wp\/v2\/posts\/61058\/revisions\/61062"}],"wp:featuredmedia":[{"embeddable":true,"href":"https:\/\/conurbanodiario.com.ar\/index.php?rest_route=\/wp\/v2\/media\/59656"}],"wp:attachment":[{"href":"https:\/\/conurbanodiario.com.ar\/index.php?rest_route=%2Fwp%2Fv2%2Fmedia&parent=61058"}],"wp:term":[{"taxonomy":"category","embeddable":true,"href":"https:\/\/conurbanodiario.com.ar\/index.php?rest_route=%2Fwp%2Fv2%2Fcategories&post=61058"},{"taxonomy":"post_tag","embeddable":true,"href":"https:\/\/conurbanodiario.com.ar\/index.php?rest_route=%2Fwp%2Fv2%2Ftags&post=61058"}],"curies":[{"name":"wp","href":"https:\/\/api.w.org\/{rel}","templated":true}]}}