{"id":61036,"date":"2023-05-24T01:09:00","date_gmt":"2023-05-24T04:09:00","guid":{"rendered":"https:\/\/conurbanodiario.com.ar\/?p=61036"},"modified":"2023-06-01T04:38:29","modified_gmt":"2023-06-01T07:38:29","slug":"ampliaron-a-1-billon-el-monto-total-disponible-para-la-linea-de-creditos-crear-para-mipymes","status":"publish","type":"post","link":"https:\/\/conurbanodiario.com.ar\/?p=61036","title":{"rendered":"AMPLIARON A $1 BILL\u00d3N EL MONTO TOTAL DISPONIBLE PARA LA L\u00cdNEA DE CR\u00c9DITOS CREAR PARA MIPYMES"},"content":{"rendered":"\n<p>El secretario de Industria y Desarrollo Productivo, Jos\u00e9 Ignacio de Mendiguren, present\u00f3 una ampliaci\u00f3n de la l\u00ednea Cr\u00e9dito Argentino (CreAr), que beneficiar\u00e1 a micro, peque\u00f1as y medianas empresas (mipymes) con nuevas partidas que llevar\u00e1n el programa hasta $1 bill\u00f3n en total.<\/p>\n\n\n\n<p>El anuncio fue realizado ayer durante un acto realizado en la planta fabril de la empresa La Dolce, en el municipio bonaerense de Malvinas Argentinas.<\/p>\n\n\n\n<p>El titular de la cartera de Industria estuvo acompa\u00f1ado por el subsecretario Pyme, Tom\u00e1s Canosa; la presidenta del Banco Naci\u00f3n, Silvina Batakis; el presidente del Banco de Inversi\u00f3n y Comercio Exterior (BICE), Mariano de Miguel; y la intendenta local, Noelia Correa.<\/p>\n\n\n\n<p>En la ocasi\u00f3n, De Mendiguren asegur\u00f3 que \u201cel ministro de Econom\u00eda, Sergio Massa, nos dijo que deb\u00edamos ser obsesivos con mantener la producci\u00f3n, el nivel de actividad y el empleo\u201d y destac\u00f3, en ese sentido, que \u201cesta pol\u00edtica econ\u00f3mica abraza a la producci\u00f3n y no a la especulaci\u00f3n financiera\u201d.<\/p>\n\n\n\n<p>\u201cEl nivel de actividad en la industria est\u00e1 todav\u00eda un 15% por arriba de la prepandemia; la inversi\u00f3n est\u00e1 un 17,5%, el punto m\u00e1s alto en 8 a\u00f1os; llevamos 34 meses consecutivos de generaci\u00f3n de empleo en la industria; 23 de las 24 provincias han generado empleo privado formal en los dos \u00faltimos a\u00f1os. \u00bfD\u00f3nde est\u00e1 esa argentina que dicen que est\u00e1 desarticulada?\u201d, a\u00f1adi\u00f3 el secretario de Estado.<\/p>\n\n\n\n<p>Y concluy\u00f3: \u201cEstamos en las v\u00edsperas de una gran Argentina, depende si la encaramos desde la visi\u00f3n de la especulaci\u00f3n financiera o desde la visi\u00f3n de una argentina productiva\u201d.<\/p>\n\n\n\n<p>La actividad econ\u00f3mica en el pa\u00eds registr\u00f3 un avance del 1,5% en el primer trimestre del a\u00f1o en comparaci\u00f3n con igual per\u00edodo de 2022, de acuerdo a los datos difundidos por el Indec.<\/p>\n\n\n\n<p>Previo al discurso de De Mendiguren, el subsecretario Pyme realiz\u00f3 la presentaci\u00f3n t\u00e9cnica de la iniciativa. Canosa explic\u00f3 que la l\u00ednea para mipymes del Banco Naci\u00f3n ampli\u00f3 su cupo desde los $20.000 millones hasta los $100.000 millones.<\/p>\n\n\n\n<p>Asimismo, la l\u00ednea del BICE se ampli\u00f3 desde los $10.000 millones hasta los $50.000 millones; en tanto que la l\u00ednea para el fomento de las exportaciones y el aumento de las importaciones en las pymes increment\u00f3 su cupo en $20.000 millones, lo que en total representan $150.000 millones.<\/p>\n\n\n\n<p>De esta forma, al sumar $150.000 millones a los $850.000 millones con los que ya contaba el programa de Cr\u00e9dito Argentino (CreAr), el monto total del programa asciende a 1 bill\u00f3n de pesos.<\/p>\n","protected":false},"excerpt":{"rendered":"<p>El secretario de Industria y Desarrollo Productivo, Jos\u00e9 Ignacio de Mendiguren, present\u00f3 una ampliaci\u00f3n de&#8230;<\/p>\n","protected":false},"author":1,"featured_media":59656,"comment_status":"closed","ping_status":"closed","sticky":false,"template":"","format":"standard","meta":{"footnotes":""},"categories":[5],"tags":[],"class_list":["post-61036","post","type-post","status-publish","format-standard","has-post-thumbnail","hentry","category-el-pais"],"_links":{"self":[{"href":"https:\/\/conurbanodiario.com.ar\/index.php?rest_route=\/wp\/v2\/posts\/61036","targetHints":{"allow":["GET"]}}],"collection":[{"href":"https:\/\/conurbanodiario.com.ar\/index.php?rest_route=\/wp\/v2\/posts"}],"about":[{"href":"https:\/\/conurbanodiario.com.ar\/index.php?rest_route=\/wp\/v2\/types\/post"}],"author":[{"embeddable":true,"href":"https:\/\/conurbanodiario.com.ar\/index.php?rest_route=\/wp\/v2\/users\/1"}],"replies":[{"embeddable":true,"href":"https:\/\/conurbanodiario.com.ar\/index.php?rest_route=%2Fwp%2Fv2%2Fcomments&post=61036"}],"version-history":[{"count":1,"href":"https:\/\/conurbanodiario.com.ar\/index.php?rest_route=\/wp\/v2\/posts\/61036\/revisions"}],"predecessor-version":[{"id":61038,"href":"https:\/\/conurbanodiario.com.ar\/index.php?rest_route=\/wp\/v2\/posts\/61036\/revisions\/61038"}],"wp:featuredmedia":[{"embeddable":true,"href":"https:\/\/conurbanodiario.com.ar\/index.php?rest_route=\/wp\/v2\/media\/59656"}],"wp:attachment":[{"href":"https:\/\/conurbanodiario.com.ar\/index.php?rest_route=%2Fwp%2Fv2%2Fmedia&parent=61036"}],"wp:term":[{"taxonomy":"category","embeddable":true,"href":"https:\/\/conurbanodiario.com.ar\/index.php?rest_route=%2Fwp%2Fv2%2Fcategories&post=61036"},{"taxonomy":"post_tag","embeddable":true,"href":"https:\/\/conurbanodiario.com.ar\/index.php?rest_route=%2Fwp%2Fv2%2Ftags&post=61036"}],"curies":[{"name":"wp","href":"https:\/\/api.w.org\/{rel}","templated":true}]}}