{"id":61025,"date":"2023-05-25T01:06:00","date_gmt":"2023-05-25T04:06:00","guid":{"rendered":"https:\/\/conurbanodiario.com.ar\/?p=61025"},"modified":"2023-06-01T04:38:29","modified_gmt":"2023-06-01T07:38:29","slug":"talleres-plantea-duras-sanciones-por-usar-bengalas-o-alquilar-carnets-de-socios","status":"publish","type":"post","link":"https:\/\/conurbanodiario.com.ar\/?p=61025","title":{"rendered":"TALLERES PLANTEA DURAS SANCIONES POR USAR BENGALAS O ALQUILAR CARNETS DE SOCIOS"},"content":{"rendered":"\n<p>El Club Atl\u00e9tico Talleres de C\u00f3rdoba, por decisi\u00f3n de su Tribunal de Disciplina, aprob\u00f3 la aplicaci\u00f3n de severas sanciones para socios que utilicen bengalas en el estadio los d\u00edas de partidos y para quienes cedan o alquilen sus carnets de socios para el ingreso.<\/p>\n\n\n\n<p>Las sanciones \u00abimplican la prohibici\u00f3n de ingreso a los partidos de local y multas econ\u00f3micas para todos aquellos socios que alquilan o prestan su carnet social (el cual es de uso personal y no transferible), y a quienes manipulan bengalas y pirotecnia en las tribunas (hecho que est\u00e1 prohibido por la normativa municipal y por los reglamentos de Liga Profesional y Conmebol)\u00bb, indic\u00f3 la instituci\u00f3n en un comunicado.<\/p>\n\n\n\n<p>\u00abLos sucesos registrados por las c\u00e1maras en el Estadio, verificados en los controles de acceso y constatados por autoridades, son las pruebas para determinar el incumplimiento de la normativa y la decisi\u00f3n de aplicar fuertes sanciones que marcan un antecedente importante para cuidar la seguridad de quienes asisten al espect\u00e1culo deportivo\u00bb, reforz\u00f3 la misiva.<\/p>\n\n\n\n<p>En ese sentido, el Tribunal de Disciplina recomend\u00f3 la difusi\u00f3n de las medidas, preservando la identidad de los involucrados y el incremento de las sanciones en caso de reincidencia, as\u00ed como la Comisi\u00f3n Directiva decidi\u00f3 incorporar estas decisiones a la Pol\u00edtica de Socios, ampliando su difusi\u00f3n por todos los medios y su coordinaci\u00f3n con el Programa Nacional Tribuna Segura.<\/p>\n\n\n\n<p>Adem\u00e1s, el club pidi\u00f3 colaboraci\u00f3n a toda los asistentes a los partidos para no generar estas situaciones, y decidi\u00f3 \u00abreforzar las campa\u00f1as contra la discriminaci\u00f3n, la xenofobia, el racismo y todas las expresiones de violencia, con el objetivo de vivir un f\u00fatbol en paz que sume valores positivos a la sociedad\u00bb.<\/p>\n","protected":false},"excerpt":{"rendered":"<p>El Club Atl\u00e9tico Talleres de C\u00f3rdoba, por decisi\u00f3n de su Tribunal de Disciplina, aprob\u00f3 la&#8230;<\/p>\n","protected":false},"author":1,"featured_media":59656,"comment_status":"closed","ping_status":"closed","sticky":false,"template":"","format":"standard","meta":{"footnotes":""},"categories":[32],"tags":[],"class_list":["post-61025","post","type-post","status-publish","format-standard","has-post-thumbnail","hentry","category-deportes"],"_links":{"self":[{"href":"https:\/\/conurbanodiario.com.ar\/index.php?rest_route=\/wp\/v2\/posts\/61025","targetHints":{"allow":["GET"]}}],"collection":[{"href":"https:\/\/conurbanodiario.com.ar\/index.php?rest_route=\/wp\/v2\/posts"}],"about":[{"href":"https:\/\/conurbanodiario.com.ar\/index.php?rest_route=\/wp\/v2\/types\/post"}],"author":[{"embeddable":true,"href":"https:\/\/conurbanodiario.com.ar\/index.php?rest_route=\/wp\/v2\/users\/1"}],"replies":[{"embeddable":true,"href":"https:\/\/conurbanodiario.com.ar\/index.php?rest_route=%2Fwp%2Fv2%2Fcomments&post=61025"}],"version-history":[{"count":1,"href":"https:\/\/conurbanodiario.com.ar\/index.php?rest_route=\/wp\/v2\/posts\/61025\/revisions"}],"predecessor-version":[{"id":61027,"href":"https:\/\/conurbanodiario.com.ar\/index.php?rest_route=\/wp\/v2\/posts\/61025\/revisions\/61027"}],"wp:featuredmedia":[{"embeddable":true,"href":"https:\/\/conurbanodiario.com.ar\/index.php?rest_route=\/wp\/v2\/media\/59656"}],"wp:attachment":[{"href":"https:\/\/conurbanodiario.com.ar\/index.php?rest_route=%2Fwp%2Fv2%2Fmedia&parent=61025"}],"wp:term":[{"taxonomy":"category","embeddable":true,"href":"https:\/\/conurbanodiario.com.ar\/index.php?rest_route=%2Fwp%2Fv2%2Fcategories&post=61025"},{"taxonomy":"post_tag","embeddable":true,"href":"https:\/\/conurbanodiario.com.ar\/index.php?rest_route=%2Fwp%2Fv2%2Ftags&post=61025"}],"curies":[{"name":"wp","href":"https:\/\/api.w.org\/{rel}","templated":true}]}}