{"id":61022,"date":"2023-05-25T01:01:00","date_gmt":"2023-05-25T04:01:00","guid":{"rendered":"https:\/\/conurbanodiario.com.ar\/?p=61022"},"modified":"2023-06-01T04:38:29","modified_gmt":"2023-06-01T07:38:29","slug":"segun-turismo-el-previaje-de-este-fin-de-semana-largo-aportara-mas-de-15-mil-millones-de-pesos","status":"publish","type":"post","link":"https:\/\/conurbanodiario.com.ar\/?p=61022","title":{"rendered":"SEG\u00daN TURISMO, EL PREVIAJE DE ESTE FIN DE SEMANA LARGO APORTAR\u00c1 M\u00c1S DE 15 MIL MILLONES DE PESOS"},"content":{"rendered":"\n<p>La movilizaci\u00f3n de m\u00e1s de 224 mil turistas que se registraron en el programa de beneficios tur\u00edsticos PreViaje 4 reportar\u00e1 este fin de semana largo m\u00e1s de 15 mil millones de pesos a las econom\u00edas regionales, estim\u00f3 el Ministerio de Turismo de la Naci\u00f3n en v\u00edsperas del feriado nacional por el 25 de mayo y el puente del viernes 26.<\/p>\n\n\n\n<p>Ante ello, el ministro de Turismo, Mat\u00edas Lammens, dijo que \u00abno hay temporada baja en Argentina\u00bb.<\/p>\n\n\n\n<p>\u00abNuestros destinos se preparan para recibir un gran movimiento tur\u00edstico, como ocurri\u00f3 durante el \u00faltimo Carnaval y Semana Santa\u00bb, sostuvo Lammens y remarc\u00f3 que \u00abcon el impulso de PreViaje, vamos a ver cifras r\u00e9cord en mayo y junio y no habr\u00e1 temporada baja en la Argentina\u00bb.<\/p>\n\n\n\n<p>De acuerdo al relevamiento del Ministerio de Turismo y Deportes de la Naci\u00f3n, esta cuarta edici\u00f3n del PreViaje inyectar\u00e1 15.043 millones de pesos a las econom\u00edas regionales durante el fin de semana extralargo de mayo ante los traslados de 224 mil turistas beneficiados por el programa.<\/p>\n\n\n\n<p>Entre las particularidades del pr\u00f3ximo receso, se prev\u00e9 un intenso movimiento tur\u00edstico en Santiago del Estero, Mendoza, San Juan y La Plata, sedes del Mundial Sub-20 de f\u00fatbol masculino.<\/p>\n\n\n\n<p>Tambi\u00e9n se espera una gran cantidad de visitantes en San Carlos de Bariloche, Puerto Iguaz\u00fa, Salta y la Ciudad de Buenos Aires, impulsados por el \u00e9xito del programa.<\/p>\n\n\n\n<p>Seg\u00fan Turismo, m\u00e1s de un mill\u00f3n de turistas accedieron a PreViaje 4 y disfrutar\u00e1n del beneficio entre el 24 de mayo y el 30 de junio, momento del a\u00f1o que, hist\u00f3ricamente, tiene menor actividad tur\u00edstica. De esa cifra, el 20% de viajes corresponde a personas afiliadas de PAMI.<\/p>\n\n\n\n<p>El programa alcanz\u00f3 a m\u00e1s de siete millones de personas en sus cuatro ediciones, con un impacto econ\u00f3mico de 250 mil millones de pesos. <\/p>\n","protected":false},"excerpt":{"rendered":"<p>La movilizaci\u00f3n de m\u00e1s de 224 mil turistas que se registraron en el programa de&#8230;<\/p>\n","protected":false},"author":1,"featured_media":59656,"comment_status":"closed","ping_status":"closed","sticky":false,"template":"","format":"standard","meta":{"footnotes":""},"categories":[1,5],"tags":[],"class_list":["post-61022","post","type-post","status-publish","format-standard","has-post-thumbnail","hentry","category-noticia-del-dia","category-el-pais"],"_links":{"self":[{"href":"https:\/\/conurbanodiario.com.ar\/index.php?rest_route=\/wp\/v2\/posts\/61022","targetHints":{"allow":["GET"]}}],"collection":[{"href":"https:\/\/conurbanodiario.com.ar\/index.php?rest_route=\/wp\/v2\/posts"}],"about":[{"href":"https:\/\/conurbanodiario.com.ar\/index.php?rest_route=\/wp\/v2\/types\/post"}],"author":[{"embeddable":true,"href":"https:\/\/conurbanodiario.com.ar\/index.php?rest_route=\/wp\/v2\/users\/1"}],"replies":[{"embeddable":true,"href":"https:\/\/conurbanodiario.com.ar\/index.php?rest_route=%2Fwp%2Fv2%2Fcomments&post=61022"}],"version-history":[{"count":1,"href":"https:\/\/conurbanodiario.com.ar\/index.php?rest_route=\/wp\/v2\/posts\/61022\/revisions"}],"predecessor-version":[{"id":61024,"href":"https:\/\/conurbanodiario.com.ar\/index.php?rest_route=\/wp\/v2\/posts\/61022\/revisions\/61024"}],"wp:featuredmedia":[{"embeddable":true,"href":"https:\/\/conurbanodiario.com.ar\/index.php?rest_route=\/wp\/v2\/media\/59656"}],"wp:attachment":[{"href":"https:\/\/conurbanodiario.com.ar\/index.php?rest_route=%2Fwp%2Fv2%2Fmedia&parent=61022"}],"wp:term":[{"taxonomy":"category","embeddable":true,"href":"https:\/\/conurbanodiario.com.ar\/index.php?rest_route=%2Fwp%2Fv2%2Fcategories&post=61022"},{"taxonomy":"post_tag","embeddable":true,"href":"https:\/\/conurbanodiario.com.ar\/index.php?rest_route=%2Fwp%2Fv2%2Ftags&post=61022"}],"curies":[{"name":"wp","href":"https:\/\/api.w.org\/{rel}","templated":true}]}}