{"id":60877,"date":"2023-05-29T01:04:00","date_gmt":"2023-05-29T04:04:00","guid":{"rendered":"https:\/\/conurbanodiario.com.ar\/?p=60877"},"modified":"2023-06-01T04:38:29","modified_gmt":"2023-06-01T07:38:29","slug":"berazategui-se-viene-la-34o-prueba-atletica-10k-dia-del-vidriero","status":"publish","type":"post","link":"https:\/\/conurbanodiario.com.ar\/?p=60877","title":{"rendered":"BERAZATEGUI: SE VIENE LA 34\u00ba PRUEBA ATL\u00c9TICA 10K D\u00cdA DEL VIDRIERO"},"content":{"rendered":"\n<p><strong>El s\u00e1bado 10 de junio se realizar\u00e1 la 34\u00ba edici\u00f3n de la emblem\u00e1tica Prueba Atl\u00e9tica 10K D\u00eda del Vidriero, que es organizada por la Municipalidad de Berazategui. Llevar\u00e1 el nombre de Saverio Terminiello, en homenaje a su creador y principal impulsor, junto al intendente Juan Jos\u00e9 Mussi. Las inscripciones son gratuitas y se extender\u00e1n desde este 29 de mayo hasta el 7 de junio. Podr\u00e1n efectuarse de manera online, a trav\u00e9s de la web\u00a0<a rel=\"noreferrer noopener\" href=\"http:\/\/berazategui.gob.ar\/\" target=\"_blank\">berazategui.gob.ar<\/a>.<\/strong><\/p>\n\n\n\n<p>La Prueba Atl\u00e9tica 10K D\u00eda del Vidriero es un evento tradicional en Berazategui y uno de los m\u00e1s destacados. Es gratuito y est\u00e1 abierto a la participaci\u00f3n de toda la familia, con 10 categor\u00edas de hombres y de mujeres, y para personas con discapacidad.<\/p>\n\n\n\n<p>Organizada por la Secretar\u00eda de Desarrollo Social y Comunitario, Recreaci\u00f3n, Turismo y Deportes del Municipio- a cargo de Mar\u00eda Laura Lacava-, es una carrera de renombre a nivel nacional en la que participan atletas locales, de todo el pa\u00eds e internacionales.<\/p>\n\n\n\n<p>Al respecto, Lacava declar\u00f3: \u201cSe abrir\u00e1 la inscripci\u00f3n para esta competencia, desde el pr\u00f3ximo 29 de mayo y hasta el 7 de junio, solamente en la web oficial de la Municipalidad de Berazategui. Esta es la carrera m\u00e1s emblem\u00e1tica de la provincia de Buenos Aires, que comenz\u00f3 hace 34 a\u00f1os con la gesti\u00f3n del Dr. Mussi; y es gratuita. El 10 de junio, los berazateguenses se visten de corredores y ser\u00e1 la mejor prueba atl\u00e9tica de la provincia\u201d.<\/p>\n","protected":false},"excerpt":{"rendered":"<p>El s\u00e1bado 10 de junio se realizar\u00e1 la 34\u00ba edici\u00f3n de la emblem\u00e1tica Prueba Atl\u00e9tica&#8230;<\/p>\n","protected":false},"author":1,"featured_media":59656,"comment_status":"closed","ping_status":"closed","sticky":false,"template":"","format":"standard","meta":{"footnotes":""},"categories":[1,32,3],"tags":[],"class_list":["post-60877","post","type-post","status-publish","format-standard","has-post-thumbnail","hentry","category-noticia-del-dia","category-deportes","category-informacion-general"],"_links":{"self":[{"href":"https:\/\/conurbanodiario.com.ar\/index.php?rest_route=\/wp\/v2\/posts\/60877","targetHints":{"allow":["GET"]}}],"collection":[{"href":"https:\/\/conurbanodiario.com.ar\/index.php?rest_route=\/wp\/v2\/posts"}],"about":[{"href":"https:\/\/conurbanodiario.com.ar\/index.php?rest_route=\/wp\/v2\/types\/post"}],"author":[{"embeddable":true,"href":"https:\/\/conurbanodiario.com.ar\/index.php?rest_route=\/wp\/v2\/users\/1"}],"replies":[{"embeddable":true,"href":"https:\/\/conurbanodiario.com.ar\/index.php?rest_route=%2Fwp%2Fv2%2Fcomments&post=60877"}],"version-history":[{"count":1,"href":"https:\/\/conurbanodiario.com.ar\/index.php?rest_route=\/wp\/v2\/posts\/60877\/revisions"}],"predecessor-version":[{"id":60879,"href":"https:\/\/conurbanodiario.com.ar\/index.php?rest_route=\/wp\/v2\/posts\/60877\/revisions\/60879"}],"wp:featuredmedia":[{"embeddable":true,"href":"https:\/\/conurbanodiario.com.ar\/index.php?rest_route=\/wp\/v2\/media\/59656"}],"wp:attachment":[{"href":"https:\/\/conurbanodiario.com.ar\/index.php?rest_route=%2Fwp%2Fv2%2Fmedia&parent=60877"}],"wp:term":[{"taxonomy":"category","embeddable":true,"href":"https:\/\/conurbanodiario.com.ar\/index.php?rest_route=%2Fwp%2Fv2%2Fcategories&post=60877"},{"taxonomy":"post_tag","embeddable":true,"href":"https:\/\/conurbanodiario.com.ar\/index.php?rest_route=%2Fwp%2Fv2%2Ftags&post=60877"}],"curies":[{"name":"wp","href":"https:\/\/api.w.org\/{rel}","templated":true}]}}