{"id":60796,"date":"2023-05-29T01:08:00","date_gmt":"2023-05-29T04:08:00","guid":{"rendered":"https:\/\/conurbanodiario.com.ar\/?p=60796"},"modified":"2023-06-01T04:38:28","modified_gmt":"2023-06-01T07:38:28","slug":"se-realizara-la-37ta-fiesta-provincial-de-teatro-de-la-provincia-de-buenos-aires","status":"publish","type":"post","link":"https:\/\/conurbanodiario.com.ar\/?p=60796","title":{"rendered":"SE REALIZAR\u00c1 LA 37TA. FIESTA PROVINCIAL DE TEATRO DE LA PROVINCIA DE BUENOS AIRES"},"content":{"rendered":"\n<p>La 37ta. Fiesta Provincial del Teatro se llevar\u00e1 a cabo entre el 6 y el 10 de junio en el municipio de Mercedes, donde se presentar\u00e1n 20 obras seleccionadas entre 164 proyectos de todo el territorio, inform\u00f3 el Instituto Cultural de la Provincia de Buenos Aires.<\/p>\n\n\n\n<p>El Consejo Provincial de Teatro Independiente (CPTI) finaliz\u00f3 las Fiestas Regionales de Teatro Independiente, donde se seleccionaron veinte obras que a lo largo de cinco d\u00edas ser\u00e1n parte de la programaci\u00f3n de la Fiesta Provincial 2023.<\/p>\n\n\n\n<p>\u00abLa Fiesta Provincial re\u00fane a las producciones independientes m\u00e1s destacadas de nuestra Provincia\u00bb, explicaron desde el Instituto Cultural que conduce Florencia Saintout.<\/p>\n\n\n\n<p>\u00abEst\u00e1 destinada al encuentro de los\/as trabajadores\/as del teatro independiente, impulsando el intercambio cultural, fomentando y promoviendo la actividad en la Provincia, y en la sede elegida a\u00f1o a a\u00f1o para su celebraci\u00f3n\u00bb, completaron.<\/p>\n\n\n\n<p>En ese sentido, la directora ejecutiva del CPTI, Aldana Ill\u00e1n, expres\u00f3: \u00abLas Fiestas Regionales fomentan y promueven el teatro en todo el territorio bonaerense, acercando a la comunidad un bien cultural potente y conmovedor como lo es toda experiencia esc\u00e9nica\u00bb.<\/p>\n\n\n\n<p>Se explic\u00f3 que \u00abel CPTI fomenta, apoya y protege la actividad teatral independiente de la Provincia de Buenos Aires, reconoci\u00e9ndola como un trabajo cultural esencial para el desarrollo integral de la comunidad\u00bb.<\/p>\n\n\n\n<p>Las obras que participar\u00e1n son: \u00abRoto el cielo\u00bb, de San Fernando; \u00abCorp\u00f3rica\u00bb, de San Mart\u00edn; \u00abTercer cord\u00f3n del conurbano: una tragedia marr\u00f3n\u00bb, de Avellaneda; \u00abPasionaria\u00bb, de Lomas de Zamora; \u00abNo tiene sentido\u00bb, de Ituzaing\u00f3; y \u00abSanta Juana de los mataderos\u00bb, de Bah\u00eda Blanca.<\/p>\n\n\n\n<p>Tambi\u00e9n \u00abLa Ni\u00f1a que fue Cyrano\u00bb, de Las Flores; \u00abLa denuncia\u00bb, de Lobos; \u00abMinipimer\u00bb y \u00ab\u00bfQu\u00e9 pasa cuando estamos solxs?\u00bb, ambas de La Plata; \u00abSomos Castelli\u00bb, de Castelli; \u00abAnt\u00edgona\u00bb, de Pinamar; \u00abLa trayectoria de las moscas y sue\u00f1os de arrabal\u00bb, de General Pueyrred\u00f3n; \u00abComo el caracol\u00bb, de Necochea; y \u00abEnsayo sobre el tiempo\u00bb, de Lincoln.<\/p>\n\n\n\n<p>A la vez, se podr\u00e1 ver \u00abBarranca S\u00e1nchez de Florencio Abajo\u00bb, de Chivilcoy; \u00abAmarte ser\u00eda una locura\u00bb, de Col\u00f3n y \u00abLas puertas abiertas del infierno\u00bb, de Escobar. <\/p>\n","protected":false},"excerpt":{"rendered":"<p>La 37ta. Fiesta Provincial del Teatro se llevar\u00e1 a cabo entre el 6 y el&#8230;<\/p>\n","protected":false},"author":1,"featured_media":59656,"comment_status":"closed","ping_status":"closed","sticky":false,"template":"","format":"standard","meta":{"footnotes":""},"categories":[8],"tags":[],"class_list":["post-60796","post","type-post","status-publish","format-standard","has-post-thumbnail","hentry","category-cultura"],"_links":{"self":[{"href":"https:\/\/conurbanodiario.com.ar\/index.php?rest_route=\/wp\/v2\/posts\/60796","targetHints":{"allow":["GET"]}}],"collection":[{"href":"https:\/\/conurbanodiario.com.ar\/index.php?rest_route=\/wp\/v2\/posts"}],"about":[{"href":"https:\/\/conurbanodiario.com.ar\/index.php?rest_route=\/wp\/v2\/types\/post"}],"author":[{"embeddable":true,"href":"https:\/\/conurbanodiario.com.ar\/index.php?rest_route=\/wp\/v2\/users\/1"}],"replies":[{"embeddable":true,"href":"https:\/\/conurbanodiario.com.ar\/index.php?rest_route=%2Fwp%2Fv2%2Fcomments&post=60796"}],"version-history":[{"count":1,"href":"https:\/\/conurbanodiario.com.ar\/index.php?rest_route=\/wp\/v2\/posts\/60796\/revisions"}],"predecessor-version":[{"id":60798,"href":"https:\/\/conurbanodiario.com.ar\/index.php?rest_route=\/wp\/v2\/posts\/60796\/revisions\/60798"}],"wp:featuredmedia":[{"embeddable":true,"href":"https:\/\/conurbanodiario.com.ar\/index.php?rest_route=\/wp\/v2\/media\/59656"}],"wp:attachment":[{"href":"https:\/\/conurbanodiario.com.ar\/index.php?rest_route=%2Fwp%2Fv2%2Fmedia&parent=60796"}],"wp:term":[{"taxonomy":"category","embeddable":true,"href":"https:\/\/conurbanodiario.com.ar\/index.php?rest_route=%2Fwp%2Fv2%2Fcategories&post=60796"},{"taxonomy":"post_tag","embeddable":true,"href":"https:\/\/conurbanodiario.com.ar\/index.php?rest_route=%2Fwp%2Fv2%2Ftags&post=60796"}],"curies":[{"name":"wp","href":"https:\/\/api.w.org\/{rel}","templated":true}]}}