{"id":60685,"date":"2023-05-17T01:03:00","date_gmt":"2023-05-17T04:03:00","guid":{"rendered":"https:\/\/conurbanodiario.com.ar\/?p=60685"},"modified":"2023-05-17T11:24:38","modified_gmt":"2023-05-17T14:24:38","slug":"ypf-aumenta-4-el-precio-de-naftas-y-gasoil","status":"publish","type":"post","link":"https:\/\/conurbanodiario.com.ar\/?p=60685","title":{"rendered":"YPF AUMENTA 4% EL PRECIO DE NAFTAS Y GASOIL"},"content":{"rendered":"\n<p>La empresa YPF aument\u00f3 hoy el precio de sus combustibles un 4%, en promedio, en todo el pa\u00eds para los distintos tipos de nafta y de gasoil, seg\u00fan lo acordado con el Gobierno y el resto de las petroleras, en el marco del programa Precios Justos.<\/p>\n\n\n\n<p>\u00abYPF comunica que, a partir de las 8 del mi\u00e9rcoles 17 de mayo aumentar\u00e1 el precio de sus combustibles un 4% promedio pa\u00eds por tipo y grado de combustible\u00bb, precis\u00f3 la compa\u00f1\u00eda en un comunicado.<\/p>\n\n\n\n<p>El Gobierno renov\u00f3 a mediados de abril el acuerdo de precios con el sector de los combustibles durante un lapso de cuatro meses para estabilizar los precios, con incrementos del 4% mensual, en un convenio que rige desde el 15 de abril hasta el 15 de agosto, y se enmarca dentro del programa Precios Justos con el sector petrolero, para estabilizar los precios de los combustibles.<\/p>\n\n\n\n<p>El acuerdo presentado por la secretaria de Energ\u00eda, Flavia Royon, y el secretario de Comercio, Mat\u00edas Tombolini, establece \u00abuna pauta de incremento del 4% mensual en los precios de la nafta y el gasoil desde el 15 de abril hasta el 15 de agosto, y con esta medida se busca proteger a los consumidores y fomentar la estabilidad en el mercado\u00bb.<\/p>\n\n\n\n<p>\u00abEntendemos que esto requiere esfuerzo de las empresas, el Estado ya est\u00e1 haciendo un esfuerzo de manera de contener los precios y anclar la expectativa inflacionaria para que esto no tenga un efecto en los precios y en el bolsillo de la gente\u00bb, sostuvo Royon.<\/p>\n\n\n\n<p>En tanto, Tombolini expres\u00f3 que \u00abla firma de este acuerdo nos permite dar una se\u00f1al de previsibilidad a consumidores, usuarios y empresas y, adem\u00e1s, acompa\u00f1a la hoja de ruta establecida por el ministro Sergio Massa que nos impulsa a sostener el equilibrio fiscal y cuidar las reservas\u00bb. <\/p>\n","protected":false},"excerpt":{"rendered":"<p>La empresa YPF aument\u00f3 hoy el precio de sus combustibles un 4%, en promedio, en&#8230;<\/p>\n","protected":false},"author":1,"featured_media":59656,"comment_status":"closed","ping_status":"closed","sticky":false,"template":"","format":"standard","meta":{"footnotes":""},"categories":[33,5],"tags":[],"class_list":["post-60685","post","type-post","status-publish","format-standard","has-post-thumbnail","hentry","category-destacados","category-el-pais"],"_links":{"self":[{"href":"https:\/\/conurbanodiario.com.ar\/index.php?rest_route=\/wp\/v2\/posts\/60685","targetHints":{"allow":["GET"]}}],"collection":[{"href":"https:\/\/conurbanodiario.com.ar\/index.php?rest_route=\/wp\/v2\/posts"}],"about":[{"href":"https:\/\/conurbanodiario.com.ar\/index.php?rest_route=\/wp\/v2\/types\/post"}],"author":[{"embeddable":true,"href":"https:\/\/conurbanodiario.com.ar\/index.php?rest_route=\/wp\/v2\/users\/1"}],"replies":[{"embeddable":true,"href":"https:\/\/conurbanodiario.com.ar\/index.php?rest_route=%2Fwp%2Fv2%2Fcomments&post=60685"}],"version-history":[{"count":1,"href":"https:\/\/conurbanodiario.com.ar\/index.php?rest_route=\/wp\/v2\/posts\/60685\/revisions"}],"predecessor-version":[{"id":60687,"href":"https:\/\/conurbanodiario.com.ar\/index.php?rest_route=\/wp\/v2\/posts\/60685\/revisions\/60687"}],"wp:featuredmedia":[{"embeddable":true,"href":"https:\/\/conurbanodiario.com.ar\/index.php?rest_route=\/wp\/v2\/media\/59656"}],"wp:attachment":[{"href":"https:\/\/conurbanodiario.com.ar\/index.php?rest_route=%2Fwp%2Fv2%2Fmedia&parent=60685"}],"wp:term":[{"taxonomy":"category","embeddable":true,"href":"https:\/\/conurbanodiario.com.ar\/index.php?rest_route=%2Fwp%2Fv2%2Fcategories&post=60685"},{"taxonomy":"post_tag","embeddable":true,"href":"https:\/\/conurbanodiario.com.ar\/index.php?rest_route=%2Fwp%2Fv2%2Ftags&post=60685"}],"curies":[{"name":"wp","href":"https:\/\/api.w.org\/{rel}","templated":true}]}}