{"id":60648,"date":"2023-05-17T01:01:00","date_gmt":"2023-05-17T04:01:00","guid":{"rendered":"https:\/\/conurbanodiario.com.ar\/?p=60648"},"modified":"2023-05-16T17:35:23","modified_gmt":"2023-05-16T20:35:23","slug":"la-corte-levanto-la-cautelar-que-suspendio-las-elecciones-en-tucuman-y-la-provincia-ya-puede-votar","status":"publish","type":"post","link":"https:\/\/conurbanodiario.com.ar\/?p=60648","title":{"rendered":"LA CORTE LEVANT\u00d3 LA CAUTELAR QUE SUSPENDI\u00d3 LAS ELECCIONES EN TUCUM\u00c1N Y LA PROVINCIA YA PUEDE VOTAR"},"content":{"rendered":"\n<p>La Corte Suprema de Justicia levant\u00f3 la medida cautelar que suspendi\u00f3 las elecciones del pasado domingo en la provincia de Tucum\u00e1n, ante la renuncia a su candidatura como vicegobernador del actual mandatario Juan Manzur.<\/p>\n\n\n\n<p>Con esta decisi\u00f3n del m\u00e1ximo tribunal los tucumanos est\u00e1n en condiciones de votar en una fecha pr\u00f3xima que -de acuerdo a las \u00faltimas declaraciones de las autoridades provinciales- podr\u00edan ser en el mes de junio.<\/p>\n\n\n\n<p>\u00abDada la renuncia a la candidatura impugnada -aceptada por la Junta Electoral Provincial mediante la resoluci\u00f3n 317\/2023 del 12 de mayo de 2023- corresponde admitir el pedido de levantamiento efectuado por la Provincia de Tucum\u00e1n\u00bb, se\u00f1al\u00f3 la Corte en su decisi\u00f3n de ayer, que lleva la firma de los jueces Horacio Rosatti, Juan Carlos Maqueda y Carlos Rosenkrantz.<\/p>\n\n\n\n<p>Los magistrados basaron su decisi\u00f3n en el art\u00edculo 202 del C\u00f3digo Procesal Civil y Comercial que establece: \u201cLas medidas cautelares subsistir\u00e1n mientras duren las circunstancias que las determinaron. En cualquier momento en que \u00e9stas cesaren se podr\u00e1 requerir su levantamiento\u201d<\/p>\n\n\n\n<p>La decisi\u00f3n de Manzur de abandonar la competencia electoral y declinar su candidatura a vicegobernador dej\u00f3 v\u00eda libre para que la Corte restituya a Tucum\u00e1n la posibilidad de llevar adelante sus comicios.<\/p>\n\n\n\n<p>\u00abCelebro que la Corte Suprema de Justicia de la Naci\u00f3n haya escuchado nuestro planteo y levantado la cautelar que imped\u00eda a las y los tucumanos concurrir a las urnas. En las pr\u00f3ximas horas estaremos definiendo la nueva fecha de los comicios para retomar el proceso electoral\u00bb, indic\u00f3 Manzur en su cuenta de Twitter. minutos despu\u00e9s de que se conociera la decisi\u00f3n del m\u00e1ximo tribunal. <\/p>\n","protected":false},"excerpt":{"rendered":"<p>La Corte Suprema de Justicia levant\u00f3 la medida cautelar que suspendi\u00f3 las elecciones del pasado&#8230;<\/p>\n","protected":false},"author":1,"featured_media":59656,"comment_status":"closed","ping_status":"closed","sticky":false,"template":"","format":"standard","meta":{"footnotes":""},"categories":[1,5],"tags":[],"class_list":["post-60648","post","type-post","status-publish","format-standard","has-post-thumbnail","hentry","category-noticia-del-dia","category-el-pais"],"_links":{"self":[{"href":"https:\/\/conurbanodiario.com.ar\/index.php?rest_route=\/wp\/v2\/posts\/60648","targetHints":{"allow":["GET"]}}],"collection":[{"href":"https:\/\/conurbanodiario.com.ar\/index.php?rest_route=\/wp\/v2\/posts"}],"about":[{"href":"https:\/\/conurbanodiario.com.ar\/index.php?rest_route=\/wp\/v2\/types\/post"}],"author":[{"embeddable":true,"href":"https:\/\/conurbanodiario.com.ar\/index.php?rest_route=\/wp\/v2\/users\/1"}],"replies":[{"embeddable":true,"href":"https:\/\/conurbanodiario.com.ar\/index.php?rest_route=%2Fwp%2Fv2%2Fcomments&post=60648"}],"version-history":[{"count":1,"href":"https:\/\/conurbanodiario.com.ar\/index.php?rest_route=\/wp\/v2\/posts\/60648\/revisions"}],"predecessor-version":[{"id":60650,"href":"https:\/\/conurbanodiario.com.ar\/index.php?rest_route=\/wp\/v2\/posts\/60648\/revisions\/60650"}],"wp:featuredmedia":[{"embeddable":true,"href":"https:\/\/conurbanodiario.com.ar\/index.php?rest_route=\/wp\/v2\/media\/59656"}],"wp:attachment":[{"href":"https:\/\/conurbanodiario.com.ar\/index.php?rest_route=%2Fwp%2Fv2%2Fmedia&parent=60648"}],"wp:term":[{"taxonomy":"category","embeddable":true,"href":"https:\/\/conurbanodiario.com.ar\/index.php?rest_route=%2Fwp%2Fv2%2Fcategories&post=60648"},{"taxonomy":"post_tag","embeddable":true,"href":"https:\/\/conurbanodiario.com.ar\/index.php?rest_route=%2Fwp%2Fv2%2Ftags&post=60648"}],"curies":[{"name":"wp","href":"https:\/\/api.w.org\/{rel}","templated":true}]}}