{"id":60635,"date":"2023-05-29T01:06:00","date_gmt":"2023-05-29T04:06:00","guid":{"rendered":"https:\/\/conurbanodiario.com.ar\/?p=60635"},"modified":"2023-06-01T04:38:28","modified_gmt":"2023-06-01T07:38:28","slug":"mar-del-plata-sera-sede-en-junio-del-congreso-productivo-bonaerense","status":"publish","type":"post","link":"https:\/\/conurbanodiario.com.ar\/?p=60635","title":{"rendered":"MAR DEL PLATA SER\u00c1 SEDE EN JUNIO DEL CONGRESO PRODUCTIVO BONAERENSE"},"content":{"rendered":"\n<p>El Ministerio de Producci\u00f3n, Ciencia e Innovaci\u00f3n Tecnol\u00f3gica y el Ministerio de Desarrollo Agrario organizar\u00e1 en la ciudad de Mar del Plata el Congreso Productivo Bonaerense, con el objetivo de generar un debate amplio y plural sobre los temas m\u00e1s importantes para la estrategia provincial en ese sector de los pr\u00f3ximos a\u00f1os.<\/p>\n\n\n\n<p>El evento, que se llevar\u00e1 a cabo en junio, contar\u00e1 con la presencia de distintos actores vinculados con la producci\u00f3n, entre los que se encuentran representantes de empresas, cooperativas, c\u00e1maras, sindicatos, universidades, organismos p\u00fablicos provinciales, nacionales y municipales; comunidad cient\u00edfica y referentes pol\u00edticos.<\/p>\n\n\n\n<p>Bajo la consigna \u201cProduciendo el futuro\u201d, el Congreso Productivo Bonaerense tendr\u00e1 lugar los d\u00edas 6 y 7 de junio en el Hotel Provincial Mar del Plata, con la participaci\u00f3n del gobernador Axel Kicillof.<\/p>\n\n\n\n<p>En el marco del denominado \u00abDerecho al Futuro\u00bb que promueve el gobierno de la provincia de Buenos Aires, se desarrollar\u00e1n tambi\u00e9n distintos ejes tem\u00e1ticos para la transformaci\u00f3n de la provincia, como Desarrollo productivo sustentable y sostenible, Desarrollo local, Ciencia y tecnolog\u00eda, Infraestructura para la producci\u00f3n y Sistema tributario y financiero.<\/p>\n\n\n\n<p>Las personas interesadas en participar del Congreso Productivo de la provincia de Buenos Aires deber\u00e1n inscribirse a trav\u00e9s de la web https:\/\/congresoproductivo.mp.gba.gob.ar.<\/p>\n","protected":false},"excerpt":{"rendered":"<p>El Ministerio de Producci\u00f3n, Ciencia e Innovaci\u00f3n Tecnol\u00f3gica y el Ministerio de Desarrollo Agrario organizar\u00e1&#8230;<\/p>\n","protected":false},"author":1,"featured_media":59656,"comment_status":"closed","ping_status":"closed","sticky":false,"template":"","format":"standard","meta":{"footnotes":""},"categories":[28],"tags":[],"class_list":["post-60635","post","type-post","status-publish","format-standard","has-post-thumbnail","hentry","category-la-provincia"],"_links":{"self":[{"href":"https:\/\/conurbanodiario.com.ar\/index.php?rest_route=\/wp\/v2\/posts\/60635","targetHints":{"allow":["GET"]}}],"collection":[{"href":"https:\/\/conurbanodiario.com.ar\/index.php?rest_route=\/wp\/v2\/posts"}],"about":[{"href":"https:\/\/conurbanodiario.com.ar\/index.php?rest_route=\/wp\/v2\/types\/post"}],"author":[{"embeddable":true,"href":"https:\/\/conurbanodiario.com.ar\/index.php?rest_route=\/wp\/v2\/users\/1"}],"replies":[{"embeddable":true,"href":"https:\/\/conurbanodiario.com.ar\/index.php?rest_route=%2Fwp%2Fv2%2Fcomments&post=60635"}],"version-history":[{"count":1,"href":"https:\/\/conurbanodiario.com.ar\/index.php?rest_route=\/wp\/v2\/posts\/60635\/revisions"}],"predecessor-version":[{"id":60637,"href":"https:\/\/conurbanodiario.com.ar\/index.php?rest_route=\/wp\/v2\/posts\/60635\/revisions\/60637"}],"wp:featuredmedia":[{"embeddable":true,"href":"https:\/\/conurbanodiario.com.ar\/index.php?rest_route=\/wp\/v2\/media\/59656"}],"wp:attachment":[{"href":"https:\/\/conurbanodiario.com.ar\/index.php?rest_route=%2Fwp%2Fv2%2Fmedia&parent=60635"}],"wp:term":[{"taxonomy":"category","embeddable":true,"href":"https:\/\/conurbanodiario.com.ar\/index.php?rest_route=%2Fwp%2Fv2%2Fcategories&post=60635"},{"taxonomy":"post_tag","embeddable":true,"href":"https:\/\/conurbanodiario.com.ar\/index.php?rest_route=%2Fwp%2Fv2%2Ftags&post=60635"}],"curies":[{"name":"wp","href":"https:\/\/api.w.org\/{rel}","templated":true}]}}