{"id":60629,"date":"2023-05-29T01:02:00","date_gmt":"2023-05-29T04:02:00","guid":{"rendered":"https:\/\/conurbanodiario.com.ar\/?p=60629"},"modified":"2023-06-01T04:38:29","modified_gmt":"2023-06-01T07:38:29","slug":"se-vence-esta-semana-el-plazo-para-renovar-asignaciones-familiares-en-el-ips","status":"publish","type":"post","link":"https:\/\/conurbanodiario.com.ar\/?p=60629","title":{"rendered":"SE VENCE ESTA SEMANA EL PLAZO PARA RENOVAR ASIGNACIONES FAMILIARES EN EL IPS"},"content":{"rendered":"\n<p>Tal como lo detallamos jornadas atr\u00e1s, el Instituto de Previsi\u00f3n Social (IPS) de la provincia de Buenos Aires inform\u00f3 a las personas jubiladas y pensionadas que el plazo de renovaci\u00f3n de asignaciones familiares vence este 31 de mayo de 2023.<\/p>\n\n\n\n<p>Para continuar con la percepci\u00f3n de las mismas y evitar bajas innecesarias es necesario presentar la documentaci\u00f3n pertinente, consign\u00f3 en un comunicado el organismo oficial.<\/p>\n\n\n\n<p>El tr\u00e1mite \u00abAsignaci\u00f3n Familiar &#8211; Renovaci\u00f3n\u00bb se realiza una sola vez al a\u00f1o y se gestiona \u00edntegramente de forma online a trav\u00e9s de&nbsp;<a href=\"https:\/\/www.ips.gba.gob.ar\/\" target=\"_blank\" rel=\"noreferrer noopener\">este sitio web oficial<\/a>.<\/p>\n\n\n\n<p>El tr\u00e1mite de renovaci\u00f3n deber\u00e1 hacerse hasta la fecha indicada, ya que luego se dispondr\u00e1 la baja inmediata en planillas de pago. <\/p>\n","protected":false},"excerpt":{"rendered":"<p>Tal como lo detallamos jornadas atr\u00e1s, el Instituto de Previsi\u00f3n Social (IPS) de la provincia&#8230;<\/p>\n","protected":false},"author":1,"featured_media":59656,"comment_status":"closed","ping_status":"closed","sticky":false,"template":"","format":"standard","meta":{"footnotes":""},"categories":[33,28],"tags":[],"class_list":["post-60629","post","type-post","status-publish","format-standard","has-post-thumbnail","hentry","category-destacados","category-la-provincia"],"_links":{"self":[{"href":"https:\/\/conurbanodiario.com.ar\/index.php?rest_route=\/wp\/v2\/posts\/60629","targetHints":{"allow":["GET"]}}],"collection":[{"href":"https:\/\/conurbanodiario.com.ar\/index.php?rest_route=\/wp\/v2\/posts"}],"about":[{"href":"https:\/\/conurbanodiario.com.ar\/index.php?rest_route=\/wp\/v2\/types\/post"}],"author":[{"embeddable":true,"href":"https:\/\/conurbanodiario.com.ar\/index.php?rest_route=\/wp\/v2\/users\/1"}],"replies":[{"embeddable":true,"href":"https:\/\/conurbanodiario.com.ar\/index.php?rest_route=%2Fwp%2Fv2%2Fcomments&post=60629"}],"version-history":[{"count":1,"href":"https:\/\/conurbanodiario.com.ar\/index.php?rest_route=\/wp\/v2\/posts\/60629\/revisions"}],"predecessor-version":[{"id":60631,"href":"https:\/\/conurbanodiario.com.ar\/index.php?rest_route=\/wp\/v2\/posts\/60629\/revisions\/60631"}],"wp:featuredmedia":[{"embeddable":true,"href":"https:\/\/conurbanodiario.com.ar\/index.php?rest_route=\/wp\/v2\/media\/59656"}],"wp:attachment":[{"href":"https:\/\/conurbanodiario.com.ar\/index.php?rest_route=%2Fwp%2Fv2%2Fmedia&parent=60629"}],"wp:term":[{"taxonomy":"category","embeddable":true,"href":"https:\/\/conurbanodiario.com.ar\/index.php?rest_route=%2Fwp%2Fv2%2Fcategories&post=60629"},{"taxonomy":"post_tag","embeddable":true,"href":"https:\/\/conurbanodiario.com.ar\/index.php?rest_route=%2Fwp%2Fv2%2Ftags&post=60629"}],"curies":[{"name":"wp","href":"https:\/\/api.w.org\/{rel}","templated":true}]}}