{"id":60597,"date":"2023-05-16T01:06:00","date_gmt":"2023-05-16T04:06:00","guid":{"rendered":"https:\/\/conurbanodiario.com.ar\/?p=60597"},"modified":"2023-05-15T14:58:35","modified_gmt":"2023-05-15T17:58:35","slug":"de-mendiguren-hay-otra-argentina-la-productiva-que-mantiene-el-nivel-de-actividad","status":"publish","type":"post","link":"https:\/\/conurbanodiario.com.ar\/?p=60597","title":{"rendered":"DE MENDIGUREN: &#8220;HAY OTRA ARGENTINA, LA PRODUCTIVA, QUE MANTIENE EL NIVEL DE ACTIVIDAD&#8221;"},"content":{"rendered":"\n<p>El secretario de Industria, Jos\u00e9 de Mendiguren, sostuvo que pese a la inflaci\u00f3n, \u201chay otra Argentina, la productiva, que da respuesta y mantiene el nivel de actividad\u201d.<\/p>\n\n\n\n<p>\u201cHay dos econom\u00edas: la financiera, que nos ha llevado a niveles de deuda hist\u00f3rica impagable que todos los d\u00edas te describe una crisis, y la real, la Argentina productiva, en la que yo trabajo, que da respuesta y mantiene el nivel de actividad\u00bb, afirm\u00f3 De Mendiguren a FM La Patriada.<\/p>\n\n\n\n<p>Tambi\u00e9n record\u00f3 que desde la Secretar\u00eda de Industria se \u00abaplica un programa de $ 800.000 millones para el cr\u00e9dito productivo para micro, peque\u00f1as y medianas empresas\u201d.<\/p>\n\n\n\n<p>Por eso, dijo, \u201ca pesar de tomarse medidas ortodoxas en el tema fiscal, en lo que tiene que ver con la producci\u00f3n nos seguimos preocupando y hay una Argentina que produce\u201d.<\/p>\n\n\n\n<p>\u201cParece otra Argentina, es realmente otra, lo estamos viendo en el interior del pa\u00eds\u201d, refiri\u00f3 el funcionario, y resalt\u00f3 que \u201ca pesar de todo lo que dicen, tenemos el pico m\u00e1s alto de inversi\u00f3n\u00bb.<\/p>\n\n\n\n<p>Adem\u00e1s, en referencia a la gesti\u00f3n del gobierno anterior, afirm\u00f3 que todo \u00abesto no se nota porque cuando endeud\u00e1s a un pa\u00eds, se separa de la econom\u00eda real y hoy la inflaci\u00f3n es lo que m\u00e1s nos est\u00e1 preocupando a todos, porque la realidad impacta\u201d.<\/p>\n\n\n\n<p>En ese sentido, dijo que \u201cla inflaci\u00f3n es el tema que nos preocupa, s\u00ed\u201d, pero agreg\u00f3 que \u201cla inflaci\u00f3n del gobierno anterior fue del 100% durante todo el per\u00edodo anterior, sin guerras, ni pandemia ni sequ\u00eda, y as\u00ed y todo, se lleg\u00f3 defaulteado\u201d.<\/p>\n\n\n\n<p>Asimismo, expres\u00f3 que \u201cno se ha tomado verdadera magnitud de lo que implica una ca\u00edda de US$ 20.000 millones que gener\u00f3 una sequ\u00eda, eso equivale al 65% de los insumos importados en 2022\u201d, y remarc\u00f3 que \u201cson dos a\u00f1os y medio de importaciones farmac\u00e9uticas; es todas las importaciones de energ\u00eda de un a\u00f1o y medio\u201d.<\/p>\n\n\n\n<p>\u201cEl golpe ha sido muy fuerte porque no est\u00e1 ese nivel de actividad, no solo porque no ingresan esas divisas. Esto genera una falta de d\u00f3lares muy grande, no al gobierno, sino al pa\u00eds\u201d, argument\u00f3 De Mendiguren. <\/p>\n","protected":false},"excerpt":{"rendered":"<p>El secretario de Industria, Jos\u00e9 de Mendiguren, sostuvo que pese a la inflaci\u00f3n, \u201chay otra&#8230;<\/p>\n","protected":false},"author":1,"featured_media":59656,"comment_status":"closed","ping_status":"closed","sticky":false,"template":"","format":"standard","meta":{"footnotes":""},"categories":[5],"tags":[],"class_list":["post-60597","post","type-post","status-publish","format-standard","has-post-thumbnail","hentry","category-el-pais"],"_links":{"self":[{"href":"https:\/\/conurbanodiario.com.ar\/index.php?rest_route=\/wp\/v2\/posts\/60597","targetHints":{"allow":["GET"]}}],"collection":[{"href":"https:\/\/conurbanodiario.com.ar\/index.php?rest_route=\/wp\/v2\/posts"}],"about":[{"href":"https:\/\/conurbanodiario.com.ar\/index.php?rest_route=\/wp\/v2\/types\/post"}],"author":[{"embeddable":true,"href":"https:\/\/conurbanodiario.com.ar\/index.php?rest_route=\/wp\/v2\/users\/1"}],"replies":[{"embeddable":true,"href":"https:\/\/conurbanodiario.com.ar\/index.php?rest_route=%2Fwp%2Fv2%2Fcomments&post=60597"}],"version-history":[{"count":2,"href":"https:\/\/conurbanodiario.com.ar\/index.php?rest_route=\/wp\/v2\/posts\/60597\/revisions"}],"predecessor-version":[{"id":60600,"href":"https:\/\/conurbanodiario.com.ar\/index.php?rest_route=\/wp\/v2\/posts\/60597\/revisions\/60600"}],"wp:featuredmedia":[{"embeddable":true,"href":"https:\/\/conurbanodiario.com.ar\/index.php?rest_route=\/wp\/v2\/media\/59656"}],"wp:attachment":[{"href":"https:\/\/conurbanodiario.com.ar\/index.php?rest_route=%2Fwp%2Fv2%2Fmedia&parent=60597"}],"wp:term":[{"taxonomy":"category","embeddable":true,"href":"https:\/\/conurbanodiario.com.ar\/index.php?rest_route=%2Fwp%2Fv2%2Fcategories&post=60597"},{"taxonomy":"post_tag","embeddable":true,"href":"https:\/\/conurbanodiario.com.ar\/index.php?rest_route=%2Fwp%2Fv2%2Ftags&post=60597"}],"curies":[{"name":"wp","href":"https:\/\/api.w.org\/{rel}","templated":true}]}}