{"id":60594,"date":"2023-05-15T05:08:00","date_gmt":"2023-05-15T08:08:00","guid":{"rendered":"https:\/\/conurbanodiario.com.ar\/?p=60594"},"modified":"2023-05-15T05:22:24","modified_gmt":"2023-05-15T08:22:24","slug":"el-gobernador-kicillof-brindo-datos-sobre-lo-realizado-en-su-gestion-en-materia-de-seguridad","status":"publish","type":"post","link":"https:\/\/conurbanodiario.com.ar\/?p=60594","title":{"rendered":"EL GOBERNADOR KICILLOF BRIND\u00d3 DATOS SOBRE LO REALIZADO EN SU GESTI\u00d3N EN MATERIA DE SEGURIDAD"},"content":{"rendered":"\n<p>El gobernador bonaerense, Axel Kicillof, afirm\u00f3 que su administraci\u00f3n \u00ablleva adelante una transformaci\u00f3n hist\u00f3rica en materia de equipamiento y profesionalizaci\u00f3n de la polic\u00eda de la provincia\u00bb.<\/p>\n\n\n\n<p>\u00abSabemos que a\u00fan queda mucho por hacer pero estamos en el camino para dar respuesta a las y los bonaerenses\u00bb, expres\u00f3 Kicillof en su cuenta de Twitter.<\/p>\n\n\n\n<p>Adem\u00e1s, brind\u00f3 un detallado informe, con texto y fotos, sobre lo realizado en esa materia en varios distritos de la provincia.<\/p>\n\n\n\n<p>Por ejemplo, destac\u00f3: \u00ab300 efectivos, 10 m\u00f3viles y 12 motos para reforzar la seguridad en Mor\u00f3n; 18 nuevos m\u00f3viles en Hurlingham; 24 m\u00f3viles en Esteban Echeverr\u00eda; 300 nuevos efectivos, camionetas y motos en Almirante Brown\u00bb.<\/p>\n\n\n\n<p>A\u00f1adi\u00f3 que \u00abel Grupo de Apoyo Departamental se instala definitivamente en Salto con un total de 15 polic\u00edas; 344 agentes de la polic\u00eda de la Unidad T\u00e1ctica de Operaciones, 12 motos y 10 camionetas patrulla en Florencio Varela; 20 patrulleros y m\u00e1s efectivos en Malvinas Argentinas, y 13 nuevos patrulleros en Berisso\u00bb.<\/p>\n\n\n\n<p>Tambi\u00e9n coment\u00f3 que se sumaron \u00ab10 patrulleros de Policial Comunal en San Cayetano; 300 nuevos efectivos, 12 motos y 11 patrulleros de la Fuerza de Aproximaci\u00f3n Barrial de Moreno, y adem\u00e1s se incorporaron 13 nuevas camionetas para la polic\u00eda bonaerense\u00bb. <\/p>\n","protected":false},"excerpt":{"rendered":"<p>El gobernador bonaerense, Axel Kicillof, afirm\u00f3 que su administraci\u00f3n \u00ablleva adelante una transformaci\u00f3n hist\u00f3rica en&#8230;<\/p>\n","protected":false},"author":1,"featured_media":59656,"comment_status":"closed","ping_status":"closed","sticky":false,"template":"","format":"standard","meta":{"footnotes":""},"categories":[28],"tags":[],"class_list":["post-60594","post","type-post","status-publish","format-standard","has-post-thumbnail","hentry","category-la-provincia"],"_links":{"self":[{"href":"https:\/\/conurbanodiario.com.ar\/index.php?rest_route=\/wp\/v2\/posts\/60594","targetHints":{"allow":["GET"]}}],"collection":[{"href":"https:\/\/conurbanodiario.com.ar\/index.php?rest_route=\/wp\/v2\/posts"}],"about":[{"href":"https:\/\/conurbanodiario.com.ar\/index.php?rest_route=\/wp\/v2\/types\/post"}],"author":[{"embeddable":true,"href":"https:\/\/conurbanodiario.com.ar\/index.php?rest_route=\/wp\/v2\/users\/1"}],"replies":[{"embeddable":true,"href":"https:\/\/conurbanodiario.com.ar\/index.php?rest_route=%2Fwp%2Fv2%2Fcomments&post=60594"}],"version-history":[{"count":1,"href":"https:\/\/conurbanodiario.com.ar\/index.php?rest_route=\/wp\/v2\/posts\/60594\/revisions"}],"predecessor-version":[{"id":60596,"href":"https:\/\/conurbanodiario.com.ar\/index.php?rest_route=\/wp\/v2\/posts\/60594\/revisions\/60596"}],"wp:featuredmedia":[{"embeddable":true,"href":"https:\/\/conurbanodiario.com.ar\/index.php?rest_route=\/wp\/v2\/media\/59656"}],"wp:attachment":[{"href":"https:\/\/conurbanodiario.com.ar\/index.php?rest_route=%2Fwp%2Fv2%2Fmedia&parent=60594"}],"wp:term":[{"taxonomy":"category","embeddable":true,"href":"https:\/\/conurbanodiario.com.ar\/index.php?rest_route=%2Fwp%2Fv2%2Fcategories&post=60594"},{"taxonomy":"post_tag","embeddable":true,"href":"https:\/\/conurbanodiario.com.ar\/index.php?rest_route=%2Fwp%2Fv2%2Ftags&post=60594"}],"curies":[{"name":"wp","href":"https:\/\/api.w.org\/{rel}","templated":true}]}}