{"id":60591,"date":"2023-05-15T04:59:30","date_gmt":"2023-05-15T07:59:30","guid":{"rendered":"https:\/\/conurbanodiario.com.ar\/?p=60591"},"modified":"2023-05-15T05:01:52","modified_gmt":"2023-05-15T08:01:52","slug":"gustavo-saenz-fue-reelecto-en-salta-con-el-4752-por-ciento-de-los-votos","status":"publish","type":"post","link":"https:\/\/conurbanodiario.com.ar\/?p=60591","title":{"rendered":"GUSTAVO S\u00c1ENZ FUE REELECTO EN SALTA CON EL 47,52 POR CIENTO DE LOS VOTOS"},"content":{"rendered":"\n<p>El gobernador de Salta, Gustavo S\u00e1enz consigui\u00f3 su reelecci\u00f3n en la gobernaci\u00f3n de Salta con un c\u00f3modo triunfo en el que obtuvo m\u00e1s el 47,52 por ciento de los votos, seg\u00fan se confirm\u00f3 tras un veloz escrutinio provisorio en el que en menos de dos horas se hab\u00edan contado los sufragios emitidos en el 99,94 de las mesas habilitadas.<\/p>\n\n\n\n<p>S\u00e1enz (Alianza Gustavo Gobernador) consigui\u00f3 47,52 por ciento, mientras el postulante de Juntos por el Cambio Miguel Nanni obtuvo obtuvo el 17.26 por ciento. En tercer lugar se ubic\u00f3 Emiliano Estrada (Frente Avancemos) con el 16,17 por ciento.<\/p>\n\n\n\n<p>Confirmado su amplio triunfo, S\u00e1enz agradeci\u00f3 al pueblo de Salta por acompa\u00f1ar su gesti\u00f3n como mandatario, llam\u00f3 a la unidad nacional y pidi\u00f3 a los dirigentes que \u201cdejen de echarse la culpa unos a otros y busquen una soluci\u00f3n para la gente\u201d.<\/p>\n\n\n\n<p>\u201cSe construye desde el amor\u201d, dijo S\u00e1enz, quien se\u00f1al\u00f3 que el pueblo de la provincia \u201choy -por ayer- se cobij\u00f3 en el poncho salte\u00f1o, que nos abriga desde que naci\u00f3 la Patria\u201d.<\/p>\n\n\n\n<p>El mandatario habl\u00f3 anoche, en el Hotel Alejandro I, de la capital salte\u00f1a, tras ganar su reelecci\u00f3n por 30 puntos de diferencia sobre el diputado nacional Miguel Nanni, que era el candidato a gobernador de Juntos por el Cambio.<\/p>\n\n\n\n<p>\u00abGracias a todos y cada uno de los que hicieron posible que podamos seguir cumpliendo los sue\u00f1os de muchos salte\u00f1os\u00bb, expres\u00f3 S\u00e1enz, quien record\u00f3 que \u00abtres a\u00f1os y medio atr\u00e1s lleg\u00e1bamos con muchos proyectos y nos sorprendieron realidades dolorosas\u00bb.<\/p>\n\n\n\n<p>En este sentido, agreg\u00f3 que \u00abno nos quedamos quietos, seguimos trabajando en este gran frente que se inici\u00f3 en 2015, con dirigentes de mucha val\u00eda, de diferentes signos pol\u00edticos\u00bb.<\/p>\n\n\n\n<p>\u00abQue esto sirva para que a nivel nacional vean que se puede opinar distinto, para que terminemos de una vez por todas con esa l\u00f3gica de amigos-enemigos, y que busquemos los puentes que nos unen, que son las necesidades de la gente\u00bb, sostuvo el gobernador.<\/p>\n\n\n\n<p>Luego, acot\u00f3 que \u00abpor eso, diez gobernadores de distintos signos pol\u00edticos decidimos trabajar en conjunto, para terminar con las asimetr\u00edas e injusticias que existen desde que naci\u00f3 la Patria con este norte olvidado\u00bb, porque \u00abprimero est\u00e1 la Patria\u00bb.<\/p>\n\n\n\n<p>\u00abLa vida nos ense\u00f1a que no se gana y se pierde, sino que se aprende de los triunfos y de las derrotas\u00bb, dijo, y afirm\u00f3: \u00abMe llevo el amor de ese pueblo, que hoy ratifica mi trabajo, mi esfuerzo, mi compromiso y el de todo el equipo que me acompa\u00f1a\u00bb.<\/p>\n\n\n\n<p>S\u00e1enz coment\u00f3 que \u00abhemos tenido una campa\u00f1a con noticias falsas, injurias, calumnias, pero no nos importa, porque tenemos bien en claro hacia d\u00f3nde vamos\u00bb y resalt\u00f3: \u00abNo hay l\u00edderes mesi\u00e1nicos, ni hombres y mujeres que se las saben todas, que tienen la verdad absoluta\u00bb.<\/p>\n\n\n\n<p>Por ello, llam\u00f3 a \u00abla unidad nacional\u00bb, en consonancia con \u00abun pedido que hizo hace poco Esteban Bullrich, que viene peleando por su vida pero que quiere un futuro mejor para sus hijos y sus nietos\u00bb.<\/p>\n\n\n\n<p>\u00abA esos 5 o 6 dirigentes, si\u00e9ntense en una mesa y hagan algo por el pueblo y por la Patria. Dejen de pelear por el cargo, por mantener una cuota de poder\u00bb, enfatiz\u00f3 el mandatario salte\u00f1o, quien agradeci\u00f3 a \u00abtodos los que participaron de esta gran elecci\u00f3n, porque as\u00ed se nutre y crece la democracia\u00bb.<\/p>\n\n\n\n<p>Finalmente, inst\u00f3 a seguir trabajando en Salta, \u00abponiendo el coraz\u00f3n por sobre todas las cosas, con humildad, con grandeza y humanidad\u00bb.<\/p>\n\n\n\n<p>En un \u00e1gil escrutinio, por el sistema de Boleta \u00danica Electr\u00f3nica, y escrutadas el 99,94% de las mesas habilitadas, S\u00e1enz obtuvo 337.351 votos, que implican el 47,52%, seguido por Nanni, que logr\u00f3 122.533 votos, o sea, un 17,26%.<\/p>\n\n\n\n<p>En tanto, el diputado nacional Emiliano Estrada, del frente Avancemos, alcanz\u00f3 114.792 sufragios, que significan un porcentaje de 16,17 por ciento, seguidos de los frentes kirchneristas Entre Todos, que postulaba a Walter Wayar, con un 5,14% de los sufragios; y Salta para Todos, que llevaba a la tambi\u00e9n diputada nacional Ver\u00f3nica Caliva, con el 2,90% de los votos.<\/p>\n\n\n\n<p>La elecci\u00f3n, que se desarroll\u00f3 con absoluta normalidad, cont\u00f3 con una participaci\u00f3n del 69,56%, en una jornada tranquila y c\u00e1lida, en la que el clima acompa\u00f1\u00f3 con sol a pleno y cielo despejado.<\/p>\n\n\n\n<p>A los pocos minutos de confirmarse el triunfo de Sa\u00e9nz, el ministro del Interior, Eduardo \u00abWado\u00bb De Pedro, salud\u00f3 al gobernador de Salta por lograr su reelecci\u00f3n en los comicios realizados en esa provincia.<\/p>\n\n\n\n<p>\u00abVamos a seguir trabajando de manera federal para el desarrollo productivo de la provincia\u00bb, dijo De Pedro en su cuenta de Twitter.<\/p>\n\n\n\n<p>A su vez, el ministro de Econom\u00eda, Sergio Massa, felicit\u00f3 tambi\u00e9n a S\u00e1enz y destac\u00f3 su trabajo en \u00abel desarrollo minero y la promoci\u00f3n de las econom\u00edas regionales que generan trabajo para la gente\u00bb.<\/p>\n\n\n\n<p>\u00abFelicitaciones querido Gustavo S\u00e1enz\u00bb, expres\u00f3 Massa en su cuenta de Twitter y agreg\u00f3: \u00abTrabajar por el desarrollo minero y por la promoci\u00f3n de las econom\u00edas regionales que generan trabajo para tu gente tuvo premio\u00bb.<\/p>\n\n\n\n<p>En tanto, el jefe de Gabinete, Agust\u00edn Rossi, public\u00f3 en su cuenta de la misma red social: \u00abContundente triunfo de Gustavo S\u00e1enz y Antonio Marocco en Salta. Fuerte abrazo para ellos y para todos los compa\u00f1eros y compa\u00f1eras peronistas que participaron de esta elecci\u00f3n\u00bb.<\/p>\n\n\n\n<p>Asimismo, Rossi dese\u00f3 \u00abun especial cari\u00f1o para el pueblo salte\u00f1o por la excelente jornada democr\u00e1tica\u00bb.<\/p>\n\n\n\n<p>Los electores habilitados para votar en toda la provincia fueron 1.088.480, de los cuales 1.082.462 eran argentinos y 6.018 extranjeros, que pod\u00edan sufragar en 3.298 mesas, dispuestas en 503 establecimientos electorales.<\/p>\n\n\n\n<p>En tanto, fueron 1.940 las listas que se presentaron en toda la provincia, con 12.174 candidatos, de los que 12 eran f\u00f3rmulas para gobernador y vicegobernador.<\/p>\n\n\n\n<p>En Salta Capital, el senador provincial Emiliano Durand, del frente oficialista Vamos Salta, se qued\u00f3 con la Intendencia, con el 37,47% de los votos, mientras que la actual jefa comunal, Bettina Romero, del tambi\u00e9n oficialista frente Unidos por Salta, obtuvo el 20,37% de los sufragios. <\/p>\n","protected":false},"excerpt":{"rendered":"<p>El gobernador de Salta, Gustavo S\u00e1enz consigui\u00f3 su reelecci\u00f3n en la gobernaci\u00f3n de Salta con&#8230;<\/p>\n","protected":false},"author":1,"featured_media":59656,"comment_status":"closed","ping_status":"closed","sticky":false,"template":"","format":"standard","meta":{"footnotes":""},"categories":[5],"tags":[],"class_list":["post-60591","post","type-post","status-publish","format-standard","has-post-thumbnail","hentry","category-el-pais"],"_links":{"self":[{"href":"https:\/\/conurbanodiario.com.ar\/index.php?rest_route=\/wp\/v2\/posts\/60591","targetHints":{"allow":["GET"]}}],"collection":[{"href":"https:\/\/conurbanodiario.com.ar\/index.php?rest_route=\/wp\/v2\/posts"}],"about":[{"href":"https:\/\/conurbanodiario.com.ar\/index.php?rest_route=\/wp\/v2\/types\/post"}],"author":[{"embeddable":true,"href":"https:\/\/conurbanodiario.com.ar\/index.php?rest_route=\/wp\/v2\/users\/1"}],"replies":[{"embeddable":true,"href":"https:\/\/conurbanodiario.com.ar\/index.php?rest_route=%2Fwp%2Fv2%2Fcomments&post=60591"}],"version-history":[{"count":1,"href":"https:\/\/conurbanodiario.com.ar\/index.php?rest_route=\/wp\/v2\/posts\/60591\/revisions"}],"predecessor-version":[{"id":60593,"href":"https:\/\/conurbanodiario.com.ar\/index.php?rest_route=\/wp\/v2\/posts\/60591\/revisions\/60593"}],"wp:featuredmedia":[{"embeddable":true,"href":"https:\/\/conurbanodiario.com.ar\/index.php?rest_route=\/wp\/v2\/media\/59656"}],"wp:attachment":[{"href":"https:\/\/conurbanodiario.com.ar\/index.php?rest_route=%2Fwp%2Fv2%2Fmedia&parent=60591"}],"wp:term":[{"taxonomy":"category","embeddable":true,"href":"https:\/\/conurbanodiario.com.ar\/index.php?rest_route=%2Fwp%2Fv2%2Fcategories&post=60591"},{"taxonomy":"post_tag","embeddable":true,"href":"https:\/\/conurbanodiario.com.ar\/index.php?rest_route=%2Fwp%2Fv2%2Ftags&post=60591"}],"curies":[{"name":"wp","href":"https:\/\/api.w.org\/{rel}","templated":true}]}}