{"id":60585,"date":"2023-05-15T04:35:37","date_gmt":"2023-05-15T07:35:37","guid":{"rendered":"https:\/\/conurbanodiario.com.ar\/?p=60585"},"modified":"2023-05-15T04:38:41","modified_gmt":"2023-05-15T07:38:41","slug":"avanzan-las-obras-en-el-isfdyt-no-83-de-solano-y-en-la-escuela-secundaria-no-19-de-quilmes-oeste","status":"publish","type":"post","link":"https:\/\/conurbanodiario.com.ar\/?p=60585","title":{"rendered":"AVANZAN LAS OBRAS EN EL ISFDYT N\u00ba 83 DE SOLANO Y EN LA ESCUELA SECUNDARIA N\u00ba 19 DE QUILMES OESTE"},"content":{"rendered":"\n<p>El Municipio de Quilmes informa que avanzan las obras de puesta en valor y ampliaci\u00f3n en distintos establecimientos educativos del distrito, en este caso, en el Instituto Superior de Formaci\u00f3n Docente y T\u00e9cnica (ISFDyT) N\u00ba 83 de San Francisco Solano, y en la Escuela Secundaria N\u00ba 19, como parte de uno de los 30 compromisos impulsados por la intendenta de Quilmes, Mayra Mendoza en su primera gesti\u00f3n.&nbsp;<\/p>\n\n\n\n<p>En esta oportunidad se est\u00e1n continuando los trabajos de hormigonado en el primer piso del nuevo edificio del ISFDyT N\u00ba 83, ubicado en la avenida 844 N\u00ba 2270, de San Francisco Solano, el cual se espera desde hace m\u00e1s de 30 a\u00f1os en la comunidad y que se desarrolla a trav\u00e9s de un convenio espec\u00edfico en conjunto con el Ministerio de Obras P\u00fablicas de la Provincia de Buenos Aires.<\/p>\n\n\n\n<p>En este marco, tambi\u00e9n se llevan adelante tareas en la Escuela Secundaria N\u00ba 19, ubicada en Urrestarazu 2323, de Quilmes Oeste, donde tambi\u00e9n funciona la Escuela Primaria N\u00ba 8. All\u00ed avanzan los trabajos de ampliaci\u00f3n del primer piso de la secundaria a trav\u00e9s de la refuncionalizaci\u00f3n de espacios, con cambios en la distribuci\u00f3n interna y mejoras en las aulas; y tambi\u00e9n con la construcci\u00f3n de tres dependencias nuevas, con el objetivo de generarle al lugar 6 espacios \u00e1ulicos en total con luz y ventilaci\u00f3n adecuada.<\/p>\n\n\n\n<p>Esta \u00faltima obra es financiada por el Ministerio de Educaci\u00f3n de la Provincia de Buenos Aires, a trav\u00e9s del Programa de Emergencia Educativa Edilicia (PEED). Y ambos trabajos se enmarcan dentro del programa del Gobierno Bonaerense, \u201cEscuelas a la Obra\u201d, en articulaci\u00f3n con el Municipio de Quilmes, teniendo como objetivo priorizar el acceso a la educaci\u00f3n y garantizar una escolarizaci\u00f3n de calidad a trav\u00e9s de la puesta en valor de las obras edilicias en los establecimientos educativos.<\/p>\n\n\n\n<p>Para conocer el avance de cada uno de los compromisos asumidos en la gesti\u00f3n, ingresar en:&nbsp;<a href=\"https:\/\/quilmes.gov.ar\/compromisos\/index.php\" target=\"_blank\" rel=\"noreferrer noopener\">https:\/\/quilmes.gov.ar\/compromisos\/index.php<\/a><\/p>\n","protected":false},"excerpt":{"rendered":"<p>El Municipio de Quilmes informa que avanzan las obras de puesta en valor y ampliaci\u00f3n&#8230;<\/p>\n","protected":false},"author":1,"featured_media":59656,"comment_status":"closed","ping_status":"closed","sticky":false,"template":"","format":"standard","meta":{"footnotes":""},"categories":[3],"tags":[],"class_list":["post-60585","post","type-post","status-publish","format-standard","has-post-thumbnail","hentry","category-informacion-general"],"_links":{"self":[{"href":"https:\/\/conurbanodiario.com.ar\/index.php?rest_route=\/wp\/v2\/posts\/60585","targetHints":{"allow":["GET"]}}],"collection":[{"href":"https:\/\/conurbanodiario.com.ar\/index.php?rest_route=\/wp\/v2\/posts"}],"about":[{"href":"https:\/\/conurbanodiario.com.ar\/index.php?rest_route=\/wp\/v2\/types\/post"}],"author":[{"embeddable":true,"href":"https:\/\/conurbanodiario.com.ar\/index.php?rest_route=\/wp\/v2\/users\/1"}],"replies":[{"embeddable":true,"href":"https:\/\/conurbanodiario.com.ar\/index.php?rest_route=%2Fwp%2Fv2%2Fcomments&post=60585"}],"version-history":[{"count":1,"href":"https:\/\/conurbanodiario.com.ar\/index.php?rest_route=\/wp\/v2\/posts\/60585\/revisions"}],"predecessor-version":[{"id":60587,"href":"https:\/\/conurbanodiario.com.ar\/index.php?rest_route=\/wp\/v2\/posts\/60585\/revisions\/60587"}],"wp:featuredmedia":[{"embeddable":true,"href":"https:\/\/conurbanodiario.com.ar\/index.php?rest_route=\/wp\/v2\/media\/59656"}],"wp:attachment":[{"href":"https:\/\/conurbanodiario.com.ar\/index.php?rest_route=%2Fwp%2Fv2%2Fmedia&parent=60585"}],"wp:term":[{"taxonomy":"category","embeddable":true,"href":"https:\/\/conurbanodiario.com.ar\/index.php?rest_route=%2Fwp%2Fv2%2Fcategories&post=60585"},{"taxonomy":"post_tag","embeddable":true,"href":"https:\/\/conurbanodiario.com.ar\/index.php?rest_route=%2Fwp%2Fv2%2Ftags&post=60585"}],"curies":[{"name":"wp","href":"https:\/\/api.w.org\/{rel}","templated":true}]}}