{"id":60582,"date":"2023-05-15T04:28:52","date_gmt":"2023-05-15T07:28:52","guid":{"rendered":"https:\/\/conurbanodiario.com.ar\/?p=60582"},"modified":"2023-05-15T04:30:17","modified_gmt":"2023-05-15T07:30:17","slug":"el-10o-aniversario-del-teatro-municipal-viene-con-un-mes-de-festejos-y-obras-con-protagonistas-estelares","status":"publish","type":"post","link":"https:\/\/conurbanodiario.com.ar\/?p=60582","title":{"rendered":"EL 10\u00ba ANIVERSARIO DEL TEATRO MUNICIPAL VIENE CON UN MES DE FESTEJOS Y OBRAS CON PROTAGONISTAS ESTELARES"},"content":{"rendered":"\n<p>El Municipio de Quilmes informa que el Teatro Municipal, ubicado en Mitre 721, del centro de la ciudad, cumple este a\u00f1o el 10\u00ba aniversario de su fundaci\u00f3n y lo celebra con una variada agenda de obras teatrales durante el mes de mayo, entre las que se destacan la obra \u201cLa Noche de los Hip\u00f3critas\u201d, protagonizada por la prestigiosa actriz Nora C\u00e1rpena, y \u201c\u00a1Juana Vive!\u201d, con Luisa Kuliok.<\/p>\n\n\n\n<p>Este lunes 15, a las 17, se presentar\u00e1 la obra \u201cLa Noche de los Hip\u00f3critas\u201d, de Alberto Migr\u00e9 y V\u00edctor Ag\u00fa, un&nbsp;radio teatro&nbsp;en vivo, protagonizado por Nora C\u00e1rpena junto a gran elenco. Amanda es una extra\u00f1a mujer de unos setenta a\u00f1os, que en su distinguida residencia re\u00fane a la familia para celebrar el A\u00f1o Nuevo y regalarles una gran sorpresa que dejar\u00e1 a todos demudados. La comedia muestra c\u00f3mo se le caen las m\u00e1scaras a los integrantes de un grupo familiar de clase social alta que acostumbra a fingir para sostener el status. S\u00f3lo se salvan los puros: los j\u00f3venes enamorados.<\/p>\n\n\n\n<p>Continuar\u00e1, el mi\u00e9rcoles 17, con \u201cAladino, un coraz\u00f3n poderoso\u201d, con funciones a las 10 y a las 14. Una historia entre escapes y cuevas maravillosas est\u00e1 obra es un espect\u00e1culo musical para toda la familia que habla sobre el amor, la igualdad y la posibilidad de cambiar tu destino con un secreto, \u201ccreer en vos\u201d.<\/p>\n\n\n\n<p>En tanto, el viernes 19 a las 20, ser\u00e1 el turno de \u201cLa Se\u00f1ora de Turdera\u201d, una obra no tradicional que trabaja con material audiovisual.<\/p>\n\n\n\n<p>Por su parte el s\u00e1bado 20, a las 20, podr\u00e1 verse la historia de una mujer que guerre\u00f3 en nuestra independencia, Juana Azurduy, con la obra \u201c\u00a1Juana Vive!\u201d, protagonizada por la primera actriz, Luisa Kuliok y Roberto Romano. Mientras que el domingo 21 a las 19, se presentar\u00e1 la obra \u201cPajarita\u201d, inspirada en 300 millones, la obra del escritor argentino Roberto Arlt, que cumple 90 a\u00f1os.<\/p>\n\n\n\n<p>Comenzando la siguiente semana, el lunes 22 a las 16, se vendr\u00e1 \u201cDamiana, una ni\u00f1a Ach\u00e9\u201d, escrita por Patricia Su\u00e1rez y Roxana Arambur\u00fa. Cuenta la historia de una nena paraguaya capturada por colonos blancos.<\/p>\n\n\n\n<p>El viernes 26, en el marco de una nueva fecha patria, llegar\u00e1 \u201cEl Sol del 25\u201d, un espect\u00e1culo que re\u00fane a m\u00e1s de 150 bailarines de nuestra ciudad, que pertenecen a diversos ballets folcl\u00f3ricos, oportunidad en la que brindar\u00e1n diversos cuadros de danza.<\/p>\n\n\n\n<p>Ya el s\u00e1bado 27, a las 13, se estrenar\u00e1 \u201cSin Julepe\u201d, un d\u00fao de m\u00fasica y clown creado o por Mercedes L\u00eda. Ese d\u00eda pero a las 20, se presentar\u00e1 \u201cLa Boda de la hija del presidente\u201d, cinco actores, un m\u00fasico y treinta personajes que los atraviesan forman parte de esta delirante y din\u00e1mica comedia absurda que se desarrolla dentro de un acto nupcial.<\/p>\n\n\n\n<p>Por \u00faltimo el domingo 28 a las 20, se podr\u00e1 disfrutar de la obra de Alejandro Casona, \u201cLos \u00e1rboles mueren de pie\u201d. Esta Obra teatral pretende demostrar el bien, la belleza, la vida en su expresi\u00f3n m\u00e1s genuina, bondadosa y maravillosa.<\/p>\n","protected":false},"excerpt":{"rendered":"<p>El Municipio de Quilmes informa que el Teatro Municipal, ubicado en Mitre 721, del centro&#8230;<\/p>\n","protected":false},"author":1,"featured_media":59656,"comment_status":"closed","ping_status":"closed","sticky":false,"template":"","format":"standard","meta":{"footnotes":""},"categories":[8],"tags":[],"class_list":["post-60582","post","type-post","status-publish","format-standard","has-post-thumbnail","hentry","category-cultura"],"_links":{"self":[{"href":"https:\/\/conurbanodiario.com.ar\/index.php?rest_route=\/wp\/v2\/posts\/60582","targetHints":{"allow":["GET"]}}],"collection":[{"href":"https:\/\/conurbanodiario.com.ar\/index.php?rest_route=\/wp\/v2\/posts"}],"about":[{"href":"https:\/\/conurbanodiario.com.ar\/index.php?rest_route=\/wp\/v2\/types\/post"}],"author":[{"embeddable":true,"href":"https:\/\/conurbanodiario.com.ar\/index.php?rest_route=\/wp\/v2\/users\/1"}],"replies":[{"embeddable":true,"href":"https:\/\/conurbanodiario.com.ar\/index.php?rest_route=%2Fwp%2Fv2%2Fcomments&post=60582"}],"version-history":[{"count":1,"href":"https:\/\/conurbanodiario.com.ar\/index.php?rest_route=\/wp\/v2\/posts\/60582\/revisions"}],"predecessor-version":[{"id":60584,"href":"https:\/\/conurbanodiario.com.ar\/index.php?rest_route=\/wp\/v2\/posts\/60582\/revisions\/60584"}],"wp:featuredmedia":[{"embeddable":true,"href":"https:\/\/conurbanodiario.com.ar\/index.php?rest_route=\/wp\/v2\/media\/59656"}],"wp:attachment":[{"href":"https:\/\/conurbanodiario.com.ar\/index.php?rest_route=%2Fwp%2Fv2%2Fmedia&parent=60582"}],"wp:term":[{"taxonomy":"category","embeddable":true,"href":"https:\/\/conurbanodiario.com.ar\/index.php?rest_route=%2Fwp%2Fv2%2Fcategories&post=60582"},{"taxonomy":"post_tag","embeddable":true,"href":"https:\/\/conurbanodiario.com.ar\/index.php?rest_route=%2Fwp%2Fv2%2Ftags&post=60582"}],"curies":[{"name":"wp","href":"https:\/\/api.w.org\/{rel}","templated":true}]}}