{"id":60579,"date":"2023-05-15T01:02:00","date_gmt":"2023-05-15T04:02:00","guid":{"rendered":"https:\/\/conurbanodiario.com.ar\/?p=60579"},"modified":"2023-05-15T04:24:21","modified_gmt":"2023-05-15T07:24:21","slug":"mayra-junto-a-miles-de-vecinos-y-vecinas-en-una-nueva-edicion-de-la-fiesta-de-las-colectividades-de-quilmes","status":"publish","type":"post","link":"https:\/\/conurbanodiario.com.ar\/?p=60579","title":{"rendered":"MAYRA JUNTO A MILES DE VECINOS Y VECINAS EN UNA NUEVA EDICI\u00d3N DE LA FIESTA DE LAS COLECTIVIDADES DE QUILMES"},"content":{"rendered":"\n<p>La intendenta de Quilmes, Mayra Mendoza, recorri\u00f3 la edici\u00f3n 2023 de la Fiesta de las Colectividades, que se desarroll\u00f3 a lo largo de tres d\u00edas consecutivos, desde el viernes hasta este domingo a las 22, en Carlos Pellegrini desde Canal de Beagle hasta Vicente L\u00f3pez, en el barrio La Colonia, de Quilmes.<\/p>\n\n\n\n<p>\u201cSomos un Municipio plurinacional que hace un ejercicio de la multiculturalidad porque realmente conocemos y seguimos conociendo cada una de las culturas, de las idiosincrasias que conviven en nuestra comunidad y es realmente hermoso\u201d, se\u00f1al\u00f3 Mayra, que estuvo acompa\u00f1ada por funcionarios municipales, concejales, y representantes y autoridades de las distintas colectividades del distrito. Y destac\u00f3: \u201cMe siento honrada de ser Intendenta de un municipio donde hay tanta participaci\u00f3n, tanto trabajo para seguir sosteniendo las tradiciones de cada uno de sus lugares\u201d.<\/p>\n\n\n\n<p>La Jefa comunal recorri\u00f3 el s\u00e1bado y el domingo el escenario m\u00f3vil y la carpa cultural, los stands gastron\u00f3micos y el escenario principal, donde en la jornada final, comparti\u00f3 un momento con los abanderados y las abanderadas de 40 colectividades.<\/p>\n\n\n\n<p>Adem\u00e1s, el domingo recibi\u00f3 la visita del ministro de Cultura de la Naci\u00f3n, Trist\u00e1n Bauer, quien se hizo presente en este importante evento y present\u00f3 el programa \u00abColectividades Argentinas\u00bb que promueve, apoya y visibiliza las diversas acciones o eventos ligados a las colectividades inmigrantes en todo el territorio argentino.<\/p>\n\n\n\n<p>Mayra aprovech\u00f3 la ocasi\u00f3n para inaugurar un nuevo espacio de juegos distribuidos en 256 m2, con piso antigolpes que la Comuna junto a la Fundaci\u00f3n del Banco Provincia instal\u00f3 en la plaza De las Colectividades \u2013 Arist\u00f3bulo del Valle. En una jornada cargada de actividades, la Intendenta tambi\u00e9n visit\u00f3 la pe\u00f1a folcl\u00f3rica de la Sociedad de Fomento Don Bosco, ubicada en Ciudadela 2158, de dicha localidad, y asistir al encuentro que disput\u00f3 el equipo femenino de f\u00fatbol del Quilmes AC frente a su par de Almirante Brown, en el Estadio Centenario.<\/p>\n\n\n\n<p>Durante las tres jornadas, cerca de 100 mil vecinos y vecinas disfrutaron de esta nueva edici\u00f3n del tradicional evento gastron\u00f3mico y cultural. Hubo m\u00e1s de 120 stands con comidas t\u00edpicas y artesan\u00edas de los pa\u00edses del mundo; as\u00ed como shows de danzas y musicales representativos de las diversas culturas e identidades. Y el s\u00e1bado por la noche, una multitud disfrut\u00f3 del show de la reconocida banda de indie rock Bandalos Chinos.<\/p>\n\n\n\n<p>Sobre el evento, una vecina de Ezpeleta, Karina Jara, dijo: \u201cEn comparaci\u00f3n con anteriores, se ve que hay muchos m\u00e1s puestos, colectividades y tambi\u00e9n mucha m\u00e1s concurrencia de las familias que encuentran un espacio para salir y distenderse\u201d. En esta misma l\u00ednea, Nazarena Larrea, del barrio La Ribera, expres\u00f3: \u201cEs una iniciativa muy buena del Municipio que los vecinos y vecinas puedan disfrutar de escuchar bandas en vivo de manera gratuita ya que, de otra manera, no lo podr\u00edan pagar\u201d.<\/p>\n\n\n\n<p>A su vez, Mart\u00edn Crespo, de Productores Cerveceros Independientes de Quilmes, en su primera vez en la Fiesta, coment\u00f3: \u201cEste es un evento muy, muy lindo y convocante, donde hay mucha gente, al igual que mucha oferta gastron\u00f3mica\u201d. En tanto que Antonio Minisci, de la Asociaci\u00f3n Italiana de Ex Combatientes de Bernal, coment\u00f3: \u201cEste a\u00f1o estamos participando con un stand propio de comida italiana y estamos re contentos, trabajando mucho y la gente y la organizaci\u00f3n, muy bien.\u201d<\/p>\n\n\n\n<p>Durante las tres jornadas se brindaron charlas, talleres, clases de idiomas y cocina, entre muchas otras actividades. Participaron las \u00e1reas de Culturas, Juventudes, Mujeres y Diversidades, Salud, Ambiente y Turismo, entre otras.<\/p>\n\n\n\n<p>El evento es promovido desde la Direcci\u00f3n General de Relaciones Institucionales de la Secretar\u00eda de Comunicaci\u00f3n y Relaciones Institucionales del Municipio de Quilmes, en articulaci\u00f3n con el Consejo de Colectividades, y cuenta con el apoyo del Ministerio de Cultura de la Naci\u00f3n y el Instituto Cultural de la Provincia de Buenos Aires. Se trata de una festividad atractiva para los vecinos y vecinas de la ciudad, y constituye una oportunidad para fomentar la identidad, promover el respeto por la pluralidad y consolidar los lazos comunitarios.<\/p>\n\n\n\n<p>Estuvieron tambi\u00e9n presentes por Naci\u00f3n y Provincia, el secretario de Gesti\u00f3n Cultural de la Naci\u00f3n, Federico Prieto; la jefa de Gabinete de la Secretar\u00eda de Gesti\u00f3n Cultural, Eliana Zanini; la coordinadora del Programa para el Fortalecimiento de las Colectividades de la Naci\u00f3n, Julieta Spina; la directora del Banco Provincia, Laura Gonz\u00e1lez; la coordinadora de Proyectos de la Fundaci\u00f3n del Banco Provincia, Victoria Lommi, y el presidente de Provincia Servicios Financieros, Ariel Lieutier.<\/p>\n","protected":false},"excerpt":{"rendered":"<p>La intendenta de Quilmes, Mayra Mendoza, recorri\u00f3 la edici\u00f3n 2023 de la Fiesta de las&#8230;<\/p>\n","protected":false},"author":1,"featured_media":59656,"comment_status":"closed","ping_status":"closed","sticky":false,"template":"","format":"standard","meta":{"footnotes":""},"categories":[1,3],"tags":[],"class_list":["post-60579","post","type-post","status-publish","format-standard","has-post-thumbnail","hentry","category-noticia-del-dia","category-informacion-general"],"_links":{"self":[{"href":"https:\/\/conurbanodiario.com.ar\/index.php?rest_route=\/wp\/v2\/posts\/60579","targetHints":{"allow":["GET"]}}],"collection":[{"href":"https:\/\/conurbanodiario.com.ar\/index.php?rest_route=\/wp\/v2\/posts"}],"about":[{"href":"https:\/\/conurbanodiario.com.ar\/index.php?rest_route=\/wp\/v2\/types\/post"}],"author":[{"embeddable":true,"href":"https:\/\/conurbanodiario.com.ar\/index.php?rest_route=\/wp\/v2\/users\/1"}],"replies":[{"embeddable":true,"href":"https:\/\/conurbanodiario.com.ar\/index.php?rest_route=%2Fwp%2Fv2%2Fcomments&post=60579"}],"version-history":[{"count":1,"href":"https:\/\/conurbanodiario.com.ar\/index.php?rest_route=\/wp\/v2\/posts\/60579\/revisions"}],"predecessor-version":[{"id":60581,"href":"https:\/\/conurbanodiario.com.ar\/index.php?rest_route=\/wp\/v2\/posts\/60579\/revisions\/60581"}],"wp:featuredmedia":[{"embeddable":true,"href":"https:\/\/conurbanodiario.com.ar\/index.php?rest_route=\/wp\/v2\/media\/59656"}],"wp:attachment":[{"href":"https:\/\/conurbanodiario.com.ar\/index.php?rest_route=%2Fwp%2Fv2%2Fmedia&parent=60579"}],"wp:term":[{"taxonomy":"category","embeddable":true,"href":"https:\/\/conurbanodiario.com.ar\/index.php?rest_route=%2Fwp%2Fv2%2Fcategories&post=60579"},{"taxonomy":"post_tag","embeddable":true,"href":"https:\/\/conurbanodiario.com.ar\/index.php?rest_route=%2Fwp%2Fv2%2Ftags&post=60579"}],"curies":[{"name":"wp","href":"https:\/\/api.w.org\/{rel}","templated":true}]}}