{"id":60576,"date":"2023-05-15T01:07:00","date_gmt":"2023-05-15T04:07:00","guid":{"rendered":"https:\/\/conurbanodiario.com.ar\/?p=60576"},"modified":"2023-05-15T04:07:40","modified_gmt":"2023-05-15T07:07:40","slug":"unos-70-vehiculos-clasicos-participaron-de-una-carrera-de-autos-de-recoleta-a-tigre","status":"publish","type":"post","link":"https:\/\/conurbanodiario.com.ar\/?p=60576","title":{"rendered":"UNOS 70 VEH\u00cdCULOS CL\u00c1SICOS PARTICIPARON DE UNA CARRERA DE AUTOS DE RECOLETA A TIGRE"},"content":{"rendered":"\n<p>Unos 70 veh\u00edculos de diversos estilos, dise\u00f1os y or\u00edgenes, y con conductores vestidos con trajes antiguos, participaron ayer de una carrera organizada por el Club de Autom\u00f3viles Cl\u00e1sicos de la Rep\u00fablica Argentina, desde el barrio porte\u00f1o de Recoleta hasta Tigre.<\/p>\n\n\n\n<p>\u00abEstamos muy orgullosos de participar de un evento de este estilo, porque nos permite demostrar nuestra pasi\u00f3n a todo el publico\u00bb, indic\u00f3 Jorge V\u00e1zquez, due\u00f1o de un Ford T color negro e integrante de la Asociaci\u00f3n de Autos Antiguos de C\u00f3rdoba, en alusi\u00f3n al llamado Gran Premio Recoleta Tigre.<\/p>\n\n\n\n<p>Seg\u00fan el due\u00f1o, quien usaba un traje de color negro y un sombrero alargado, el autom\u00f3vil se encontraba en un galp\u00f3n de Belle Ville en Cordoba, en estado de abandono y que tuvo que hacer un largo trabajo para poder restaurar esa pieza cl\u00e1sica.<\/p>\n\n\n\n<p>\u00abLo m\u00e1s complicado fue restaurar el motor, porque hay piezas que son muy dif\u00edciles de conseguir, pero gracias a muchos conocidos pude lograr restaurarlo\u00bb, dijo V\u00e1zquez, quien se encontraba con su pareja y su hijo, quienes tambi\u00e9n vest\u00edan trajes antiguos.<\/p>\n\n\n\n<p>En el espacio en donde se agrupaban los veh\u00edculos, las personas que se encontraban en la zona norte porte\u00f1a se acercaban con curiosidad y mucho inter\u00e9s a los autos antiguos, donde ped\u00edan fotos y videos con los autos.<\/p>\n\n\n\n<p>Roberto Suarez es due\u00f1o de un Dodge de 1915 de color negro, que llamaba la atenci\u00f3n por el ruido de bocina colocado en la parte derecha del veh\u00edculo, e integra una agrupaci\u00f3n de autos antiguos de Rio Negro.<\/p>\n\n\n\n<p>Suarez, quien se encontraba con su hijo, reconoci\u00f3 que su pasi\u00f3n por los autos se lo debe a su padre, quien trabaj\u00f3 mucho tiempo como mec\u00e1nico.<\/p>\n\n\n\n<p>\u00abEste auto es el fruto de mucho tiempo de trabajo y esfuerzo, porque le dediqu\u00e9 muchas horas, d\u00edas y meses de mi vida. Es parte de mi familia\u00bb, dijo emocionado el conductor que portaba una gran pipa.<\/p>\n\n\n\n<p>Con el numero 5 en el frente y una bandera de Entre R\u00edos flameando en la parte trasera, Omar, condujo un Chevrolet Roadster de 1927, cuyos bordes de color dorado, brillaban en la ma\u00f1ana, en donde el humo de los ca\u00f1os de escape ambientaban la escena recoletiana.<\/p>\n\n\n\n<p>Mientras tomaba un caf\u00e9 y revisaba los detalles del veh\u00edculo, Omar, que ten\u00eda una gorra de cuero, similar al estilo representado por Pierre Nodoyuna del dibujo animado los Autos Locos, remarc\u00f3: \u00abme gusta participar de estos encuentros porque est\u00e1 bueno conocer a otros colegas que tengan la misma pasi\u00f3n por los fierros igual que yo\u00bb.<\/p>\n\n\n\n<p>Sobre este tema, indic\u00f3: \u00abSiempre tuve el sue\u00f1o de tener un auto de este estilo y en 2014, gracias a unos conocidos que lo encontraron, tuve la posibilidad de tener mi veh\u00edculo de este tipo\u00bb.<\/p>\n\n\n\n<p>En el encuentro tambi\u00e9n participaron y se exhibieron motos antiguas de principios del siglo XX, con diversos estilos y cuidados, que atra\u00edan la vista del espectador.<\/p>\n\n\n\n<p>Marcelo M\u00e1rquez, motociclista y coleccionista de motos, era due\u00f1o de una Harley Davidson de 1925 color verde, cuyo ruido generado por su motor se llev\u00f3 todas las miradas.<\/p>\n\n\n\n<p>\u00abEste es un legado familiar, lo tuvo mi abuelo, luego padre y luego me lo dej\u00f3 a mi. Lo cuido m\u00e1s que mi vida\u00bb, reconoci\u00f3 el motociclista de 55 a\u00f1os, oriundo de San Fernando.<\/p>\n\n\n\n<p>Con el n\u00famero 1 en una calcoman\u00eda, un autom\u00f3vil Anasagasti de 1912, uno de los primeros autos de fabricaci\u00f3n nacional, propiedad del Club de Autom\u00f3viles Cl\u00e1sicos, se destacaba con palancas de cambio de color dorado, una gran bocina de color negro, el techo recubierto por una tela blanca y asientos de cuero original.<\/p>\n\n\n\n<p>\u00abEste auto es uno de los primeros de fabricaci\u00f3n nacional y cuyo motor, a pesar del paso del tiempo se mantiene como original\u00bb, cont\u00f3 Manuel, uno de los restauradores del veh\u00edculo, mientras trataba de hacer arrancar el rodado de manera manual.<\/p>\n\n\n\n<p>El Club de Autom\u00f3viles Cl\u00e1sicos de la Rep\u00fablica Argentina recre\u00f3 la primera carrera en ruta abierta para autom\u00f3viles en nuestro pa\u00eds; que tuvo lugar el 9 de diciembre de 1906 entre el elegante barrio de la Recoleta y la localidad de Tigre, organizada por el recientemente fundado Autom\u00f3vil Club Argentino (1904) y dividida en dos etapas.<\/p>\n\n\n\n<p>La reedici\u00f3n de esta hist\u00f3rica carrera es un homenaje a uno de los m\u00e1s importantes eventos en la historia del automovilismo argentino y es tambi\u00e9n el evento m\u00e1s importante para autom\u00f3viles veteranos en Am\u00e9rica Latina.<\/p>\n\n\n\n<p>Ayer la carrera parti\u00f3 desde la avenida Quintana entre Ayacucho y el hist\u00f3rico bar La Biela, donde los participantes desayunaron antes de la largada, que fue saludada con pa\u00f1uelos por el p\u00fablico que paseaba por la Recoleta.<\/p>\n","protected":false},"excerpt":{"rendered":"<p>Unos 70 veh\u00edculos de diversos estilos, dise\u00f1os y or\u00edgenes, y con conductores vestidos con trajes&#8230;<\/p>\n","protected":false},"author":1,"featured_media":59656,"comment_status":"closed","ping_status":"closed","sticky":false,"template":"","format":"standard","meta":{"footnotes":""},"categories":[3],"tags":[],"class_list":["post-60576","post","type-post","status-publish","format-standard","has-post-thumbnail","hentry","category-informacion-general"],"_links":{"self":[{"href":"https:\/\/conurbanodiario.com.ar\/index.php?rest_route=\/wp\/v2\/posts\/60576","targetHints":{"allow":["GET"]}}],"collection":[{"href":"https:\/\/conurbanodiario.com.ar\/index.php?rest_route=\/wp\/v2\/posts"}],"about":[{"href":"https:\/\/conurbanodiario.com.ar\/index.php?rest_route=\/wp\/v2\/types\/post"}],"author":[{"embeddable":true,"href":"https:\/\/conurbanodiario.com.ar\/index.php?rest_route=\/wp\/v2\/users\/1"}],"replies":[{"embeddable":true,"href":"https:\/\/conurbanodiario.com.ar\/index.php?rest_route=%2Fwp%2Fv2%2Fcomments&post=60576"}],"version-history":[{"count":1,"href":"https:\/\/conurbanodiario.com.ar\/index.php?rest_route=\/wp\/v2\/posts\/60576\/revisions"}],"predecessor-version":[{"id":60578,"href":"https:\/\/conurbanodiario.com.ar\/index.php?rest_route=\/wp\/v2\/posts\/60576\/revisions\/60578"}],"wp:featuredmedia":[{"embeddable":true,"href":"https:\/\/conurbanodiario.com.ar\/index.php?rest_route=\/wp\/v2\/media\/59656"}],"wp:attachment":[{"href":"https:\/\/conurbanodiario.com.ar\/index.php?rest_route=%2Fwp%2Fv2%2Fmedia&parent=60576"}],"wp:term":[{"taxonomy":"category","embeddable":true,"href":"https:\/\/conurbanodiario.com.ar\/index.php?rest_route=%2Fwp%2Fv2%2Fcategories&post=60576"},{"taxonomy":"post_tag","embeddable":true,"href":"https:\/\/conurbanodiario.com.ar\/index.php?rest_route=%2Fwp%2Fv2%2Ftags&post=60576"}],"curies":[{"name":"wp","href":"https:\/\/api.w.org\/{rel}","templated":true}]}}