{"id":60573,"date":"2023-05-15T01:08:00","date_gmt":"2023-05-15T04:08:00","guid":{"rendered":"https:\/\/conurbanodiario.com.ar\/?p=60573"},"modified":"2023-05-14T17:51:51","modified_gmt":"2023-05-14T20:51:51","slug":"maximo-kirchner-debemos-construir-una-opcion-con-la-mayor-amplitud-posible","status":"publish","type":"post","link":"https:\/\/conurbanodiario.com.ar\/?p=60573","title":{"rendered":"M\u00c1XIMO KIRCHNER: &#8220;DEBEMOS CONSTRUIR UNA OPCI\u00d3N CON LA MAYOR AMPLITUD POSIBLE&#8221;"},"content":{"rendered":"\n<p>El diputado nacional y presidente del Partido Justicialista (PJ) bonaerense, M\u00e1ximo Kirchner, llam\u00f3 a \u00abconstruir una opci\u00f3n superadora con la mayor amplitud posible\u00bb de cara a las elecciones de octubre con el prop\u00f3sito de repetir la \u00abgesta hist\u00f3rica\u00bb que le permiti\u00f3 hace cuatro a\u00f1os al Frente de Todos (FdT) derrotar en las urnas al expresidente Mauricio Macri, al exponer en el cierre del Congreso que el peronismo de la provincia de Buenos Aires realiz\u00f3 en La Matanza.<\/p>\n\n\n\n<p>Ante m\u00e1s de 500 congresales que colmaron el polideportivo Juan Domingo Per\u00f3n en la localidad de Gonz\u00e1lez Cat\u00e1n, M\u00e1ximo Kirchner realiz\u00f3 el s\u00e1bado un discurso de m\u00e1s de una hora en el que se refiri\u00f3 a la cuesti\u00f3n interna del FdT de cara a los pr\u00f3ximos comicios; envi\u00f3 un mensaje a la CGT; cuestion\u00f3 a la oposici\u00f3n y critic\u00f3 al Poder Judicial.<\/p>\n\n\n\n<p>Al inicio, el principal referente de La C\u00e1mpora defini\u00f3 a las pr\u00f3ximas elecciones como \u201cuna de las paradas m\u00e1s bravas que el peronismo deber\u00e1 afrontar desde la recuperaci\u00f3n de la democracia\u201d.<\/p>\n\n\n\n<p>\u201cQuiero convocar con la mayor amplitud posible a construir una victoria en el 2023 con una opci\u00f3n superadora. Necesitamos que esa victoria no debilite el compromiso que tenemos con la gente. De poco servir\u00e1 esa amplitud si provoca que el peronismo mire para otro lado ante las necesidades del pueblo\u201d, remarc\u00f3.<\/p>\n\n\n\n<p>Y en ese sentido, el legislador areng\u00f3: \u201cTenemos que repetir la gesta hist\u00f3rica de las PASO de 2019, cuando le dimos una paliza a la mayor concentraci\u00f3n de poder que haya enfrentado el peronismo\u00bb.<\/p>\n\n\n\n<p>El diputado nacional record\u00f3 que en aquella oportunidad, Cristina Fern\u00e1ndez de Kirchner \u00abhizo un movimiento inteligente y generoso que ocasion\u00f3 una derrota a un gobierno que utilizaba el partido judicial, como variable de ajuste para saldar las diferencias pol\u00edticas\u00bb.<\/p>\n\n\n\n<p>\u00abTen\u00edan a todo el poder econ\u00f3mico que los bancaba, al igual que el poder medi\u00e1tico y los servicios de inteligencia\u00bb, record\u00f3<\/p>\n\n\n\n<p>El diputado asegur\u00f3 adem\u00e1s: \u00abA m\u00ed no me interesa ser candidato a nada, lo \u00fanico que quiero es que el peronismo gane en las elecciones\u201d.<\/p>\n\n\n\n<p>A la hora de hablar de las PASO, M\u00e1ximo Kirchner opin\u00f3 que \u201cla clave debe ser un buen debate sobre un programa de gobierno\u201d y record\u00f3 que \u201cen el 2021, como presidente de bloque -de Diputados- dije me opuse a que se suspendiera, y aun as\u00ed, no las utilizamos\u201d.<\/p>\n\n\n\n<p>\u201cYo les quiero decir que es un instrumento como la guitarra que depende de quien la agarre, suena bien o mal. Y para no depender tanto del guitarrista, la clave debe ser una buena partitura que ser\u00eda un buen programa de gobierno que sea por PASO o por s\u00edntesis, pero en diciembre se cumpla\u201d, apunt\u00f3.<\/p>\n\n\n\n<p>En otro pasaje del discurso, carg\u00f3 contra el Fondo Monetario Internacional (FMI) al aseverar que \u201csi hasta ahora el Fondo no pudo explicar por qu\u00e9 le dieron toda esa plata al Gobierno de Mauricio Macri, es porque no fue para mejorar el desarrollo de la Argentina, sino que fue para la timba financiera y para ver si un in\u00fatil ganaba una elecci\u00f3n, pero ni siquiera con 50 mil millones de d\u00f3lares lo pudo hacer\u201d.<\/p>\n\n\n\n<p>Sobre el diputado nacional Javier Milei, se\u00f1al\u00f3 que \u201csi nuestras pibes y pibas le creen a charlatanes de feria que andan dando vueltas con latiguillos de la libertad, debemos contarles lo que pas\u00f3 en nuestro pa\u00eds\u00bb.<\/p>\n\n\n\n<p>\u00abPero no s\u00f3lo por lo que pas\u00f3 en 1945, sino tambi\u00e9n debido a lo que sucedi\u00f3 en la crisis de 2001 y c\u00f3mo nos empezamos a recuperar en 2003 con una dirigencia que estaba de cara al pueblo\u00bb, sostuvo en una evocaci\u00f3n al gobierno de N\u00e9stor Kirchner.<\/p>\n\n\n\n<p>Tambi\u00e9n dijo que recuerda al jefe de Gobierno porte\u00f1o, Horacio Rodr\u00edguez Larreta, \u201cal lado del (expresidente) Fernando de la R\u00faa en el PAMI\u201d y a la actual precandidata presidencial del PRO, Patricia Bullrich, cuando acompa\u00f1\u00f3 como ministra de Trabajo de la Alianza \u00abun recorte del 13 por ciento a los jubilados y a los empleados p\u00fablicos\u201d.<\/p>\n\n\n\n<p>\u201cPobre al radicalismo verlo como furg\u00f3n de cola de lo peor de la derecha argentina. Furg\u00f3n de cola de los mismos que se cargaron a Ricardo Alfons\u00edn en 1989\u201d, apunt\u00f3 en tono cr\u00edtico a los posicionamientos actuales de la UCR, enrolada en la coalici\u00f3n de Juntos por el Cambio (JxC)..<\/p>\n\n\n\n<p>M\u00e1ximo Kirchner no olvid\u00f3 los fallos de la Corte Suprema de Justicia de la Naci\u00f3n que suspendieron las elecciones en San Juan y Tucum\u00e1n y al respecto, sostuvo que \u201chay una democracia mutilada porque hay un partido judicial que se ha entrometido en los procesos electorales\u201d.<\/p>\n\n\n\n<p>\u201cEl presidente de la Corte (Horacio) Rosatti fue un mediocre intendente de la ciudad de Santa Fe que decidi\u00f3 otro camino y eligi\u00f3 dirigir al pa\u00eds entregado manso a las \u00f3rdenes de las corporaciones\u201d, fustig\u00f3.<\/p>\n\n\n\n<p>Y consider\u00f3 que en esas dos provincias \u201cel peronismo quiere votar y muchos argentinos no pueden hacerlo\u201d.<\/p>\n\n\n\n<p>\u201c\u00bfQu\u00e9 m\u00e1s le queda para da\u00f1ar a esta democracia? \u00bfQu\u00e9 vamos a hacer los militantes ante estos abusos?\u201d, se interrog\u00f3 ante la militancia que colmaba el polideportivo matancero.<\/p>\n\n\n\n<p>Tras repasar datos de la actualidad, se\u00f1al\u00f3 que \u201ctodos sabemos que es mejor la paritaria que la suma fija, pero el problema es que nuestra gente tiene urgencias y por eso les pido con toda humildad a los compa\u00f1eros sindicalistas y de la CGT que comprendan que la gente necesita una mano ya, para poder afrontar los abusos del poder econ\u00f3mico que vemos reflejado en los precios\u201d.<\/p>\n\n\n\n<p>\u201cEsto no es de taura sino que se trata de representar a la gente. Por eso, suma fija ahora, paritarias despu\u00e9s y si podemos, doble aguinaldo para todos los trabajadores. Necesitamos recuperar el poder adquisitivo\u201d, agreg\u00f3.<\/p>\n\n\n\n<p>M\u00e1ximo Kirchner concluy\u00f3: \u201cCon todos los defectos que tenemos, ser\u00e1 mucho peor para nuestra gente un gobierno de oportunistas de derecha que miente diariamente\u201d. <\/p>\n","protected":false},"excerpt":{"rendered":"<p>El diputado nacional y presidente del Partido Justicialista (PJ) bonaerense, M\u00e1ximo Kirchner, llam\u00f3 a \u00abconstruir&#8230;<\/p>\n","protected":false},"author":1,"featured_media":59656,"comment_status":"closed","ping_status":"closed","sticky":false,"template":"","format":"standard","meta":{"footnotes":""},"categories":[35],"tags":[],"class_list":["post-60573","post","type-post","status-publish","format-standard","has-post-thumbnail","hentry","category-politica"],"_links":{"self":[{"href":"https:\/\/conurbanodiario.com.ar\/index.php?rest_route=\/wp\/v2\/posts\/60573","targetHints":{"allow":["GET"]}}],"collection":[{"href":"https:\/\/conurbanodiario.com.ar\/index.php?rest_route=\/wp\/v2\/posts"}],"about":[{"href":"https:\/\/conurbanodiario.com.ar\/index.php?rest_route=\/wp\/v2\/types\/post"}],"author":[{"embeddable":true,"href":"https:\/\/conurbanodiario.com.ar\/index.php?rest_route=\/wp\/v2\/users\/1"}],"replies":[{"embeddable":true,"href":"https:\/\/conurbanodiario.com.ar\/index.php?rest_route=%2Fwp%2Fv2%2Fcomments&post=60573"}],"version-history":[{"count":1,"href":"https:\/\/conurbanodiario.com.ar\/index.php?rest_route=\/wp\/v2\/posts\/60573\/revisions"}],"predecessor-version":[{"id":60575,"href":"https:\/\/conurbanodiario.com.ar\/index.php?rest_route=\/wp\/v2\/posts\/60573\/revisions\/60575"}],"wp:featuredmedia":[{"embeddable":true,"href":"https:\/\/conurbanodiario.com.ar\/index.php?rest_route=\/wp\/v2\/media\/59656"}],"wp:attachment":[{"href":"https:\/\/conurbanodiario.com.ar\/index.php?rest_route=%2Fwp%2Fv2%2Fmedia&parent=60573"}],"wp:term":[{"taxonomy":"category","embeddable":true,"href":"https:\/\/conurbanodiario.com.ar\/index.php?rest_route=%2Fwp%2Fv2%2Fcategories&post=60573"},{"taxonomy":"post_tag","embeddable":true,"href":"https:\/\/conurbanodiario.com.ar\/index.php?rest_route=%2Fwp%2Fv2%2Ftags&post=60573"}],"curies":[{"name":"wp","href":"https:\/\/api.w.org\/{rel}","templated":true}]}}