{"id":60567,"date":"2023-05-15T01:09:00","date_gmt":"2023-05-15T04:09:00","guid":{"rendered":"https:\/\/conurbanodiario.com.ar\/?p=60567"},"modified":"2023-05-14T17:05:41","modified_gmt":"2023-05-14T20:05:41","slug":"mataron-de-un-disparo-a-un-hombre-en-moreno-y-sospechan-que-podria-tratarse-de-una-venganza-personal","status":"publish","type":"post","link":"https:\/\/conurbanodiario.com.ar\/?p=60567","title":{"rendered":"MATARON DE UN DISPARO A UN HOMBRE EN MORENO Y SOSPECHAN QUE PODR\u00cdA TRATARSE DE UNA VENGANZA PERSONAL"},"content":{"rendered":"\n<p>Un hombre de 30 a\u00f1os fue asesinado de un tiro en el cuello luego de que dos hombres lo abordaran cuando estaba estacionado con su autom\u00f3vil en el partido bonaerense de Moreno, mientras que los investigadores sospechan que el crimen estuvo motivado por una venganza personal por cuestiones de pareja, informaron fuentes policiales.<\/p>\n\n\n\n<p>El hecho se registr\u00f3 en la noche del s\u00e1bado, cuando personal policial de la Delegaci\u00f3n Departamental de Investigaciones (DDI) de Moreno tom\u00f3 conocimiento de la aparici\u00f3n del cad\u00e1ver de Rogelio Facundo Lorenzo (30), en el cruce de las calles Vicente L\u00f3pez y Dorrego del mencionado partido del oeste del conurbano bonaerense.<\/p>\n\n\n\n<p>Tras arribar al lugar del crimen, y luego de relevar c\u00e1maras de seguridad, los investigadores pudieron establecer que, momentos antes del crimen, Lorenzo se encontraba dentro de su veh\u00edculo Volkswagen Amarok estacionado cuando fue abordado por dos hombres que se trasladaban en un veh\u00edculo Toyota Etios.<\/p>\n\n\n\n<p>Fuentes policiales se\u00f1alaron que, a continuaci\u00f3n, los sospechosos abrieron la puerta del conductor, donde estaba la v\u00edctima, y le propinaron varios golpes, tras lo cual le efectuaron un disparo de arma de fuego que le impact\u00f3 en su cuello para luego darse a la fuga.<\/p>\n\n\n\n<p>Adem\u00e1s, los investigadores pudieron establecer mediante testimonios de allegados a la v\u00edctima que la misma ten\u00eda un conflicto con un ex amigo por cuestiones de pareja.<\/p>\n\n\n\n<p>Continuando las pesquisas, los polic\u00edas analizaron una de las filmaciones de las c\u00e1maras de seguridad de horas previas al hecho en una estaci\u00f3n de servicio Axion, emplazada entre la calle Espa\u00f1a y la Colectora de Acceso Oeste en la localidad de El Talar.<\/p>\n\n\n\n<p>All\u00ed, los voceros indicaron que se vio a la v\u00edctima mantener una discusi\u00f3n con un hombre, que ya fue identificado, y que tiene caracter\u00edsticas similares a las de uno de los dos sospechosos del crimen.<\/p>\n\n\n\n<p>La causa qued\u00f3 a cargo de la Unidad Funcional de Instrucci\u00f3n (UFI) 4 del departamento judicial de Moreno-General Rodr\u00edguez. <\/p>\n","protected":false},"excerpt":{"rendered":"<p>Un hombre de 30 a\u00f1os fue asesinado de un tiro en el cuello luego de&#8230;<\/p>\n","protected":false},"author":1,"featured_media":59656,"comment_status":"closed","ping_status":"closed","sticky":false,"template":"","format":"standard","meta":{"footnotes":""},"categories":[10],"tags":[],"class_list":["post-60567","post","type-post","status-publish","format-standard","has-post-thumbnail","hentry","category-seguridad"],"_links":{"self":[{"href":"https:\/\/conurbanodiario.com.ar\/index.php?rest_route=\/wp\/v2\/posts\/60567","targetHints":{"allow":["GET"]}}],"collection":[{"href":"https:\/\/conurbanodiario.com.ar\/index.php?rest_route=\/wp\/v2\/posts"}],"about":[{"href":"https:\/\/conurbanodiario.com.ar\/index.php?rest_route=\/wp\/v2\/types\/post"}],"author":[{"embeddable":true,"href":"https:\/\/conurbanodiario.com.ar\/index.php?rest_route=\/wp\/v2\/users\/1"}],"replies":[{"embeddable":true,"href":"https:\/\/conurbanodiario.com.ar\/index.php?rest_route=%2Fwp%2Fv2%2Fcomments&post=60567"}],"version-history":[{"count":1,"href":"https:\/\/conurbanodiario.com.ar\/index.php?rest_route=\/wp\/v2\/posts\/60567\/revisions"}],"predecessor-version":[{"id":60569,"href":"https:\/\/conurbanodiario.com.ar\/index.php?rest_route=\/wp\/v2\/posts\/60567\/revisions\/60569"}],"wp:featuredmedia":[{"embeddable":true,"href":"https:\/\/conurbanodiario.com.ar\/index.php?rest_route=\/wp\/v2\/media\/59656"}],"wp:attachment":[{"href":"https:\/\/conurbanodiario.com.ar\/index.php?rest_route=%2Fwp%2Fv2%2Fmedia&parent=60567"}],"wp:term":[{"taxonomy":"category","embeddable":true,"href":"https:\/\/conurbanodiario.com.ar\/index.php?rest_route=%2Fwp%2Fv2%2Fcategories&post=60567"},{"taxonomy":"post_tag","embeddable":true,"href":"https:\/\/conurbanodiario.com.ar\/index.php?rest_route=%2Fwp%2Fv2%2Ftags&post=60567"}],"curies":[{"name":"wp","href":"https:\/\/api.w.org\/{rel}","templated":true}]}}