{"id":60552,"date":"2023-05-15T01:09:00","date_gmt":"2023-05-15T04:09:00","guid":{"rendered":"https:\/\/conurbanodiario.com.ar\/?p=60552"},"modified":"2023-05-14T14:44:05","modified_gmt":"2023-05-14T17:44:05","slug":"una-joven-de-25-anos-fue-asesinada-de-un-disparo-en-un-presunto-ajuste-de-cuentas-en-la-matanza","status":"publish","type":"post","link":"https:\/\/conurbanodiario.com.ar\/?p=60552","title":{"rendered":"UNA JOVEN DE 25 A\u00d1OS FUE ASESINADA DE UN DISPARO EN UN PRESUNTO AJUSTE DE CUENTAS EN LA MATANZA"},"content":{"rendered":"\n<p>Una joven de 25 a\u00f1os fue asesinada de al menos un disparo en la espalda tras ser atacada por cuatro sospechosos a bordo de dos motocicletas cuando la v\u00edctima se encontraba junto a su novio y unos amigos en una zona de terrenos tomados en la localidad bonaerense de Rafael Castillo, partido de La Matanza, y los investigadores creen que fue motivado por un ajuste de cuentas, informaron fuentes policiales.<\/p>\n\n\n\n<p>El homicidio ocurri\u00f3 en la madrugada del domingo en el cruce de las calles Garc\u00eda Merou y Polledo de la localidad antes mencionada, en el partido de La Matanza, en una zona de terrenos tomados denominada \u201cLa Nueva Uni\u00f3n\u201d.<\/p>\n\n\n\n<p>Seg\u00fan explicaron las fuentes, la v\u00edctima, identificada como Evelin Marianella Portillo (25), se encontraba junto a su novio y dos amigos tomando una cerveza en la calle cuando fueron abordados por cuatro sospechosos en dos motocicletas.<\/p>\n\n\n\n<p>En ese momento, uno de los hombres comenz\u00f3 a efectuar disparos hacia los presentes, que intentaron escapar del lugar.<\/p>\n\n\n\n<p>Producto del ataque, Portillo recibi\u00f3 un disparo en la espalda, por lo que fue trasladada de urgencia al Hospital Favaloro de Rafael Castillo, donde ingres\u00f3 fallecida.<\/p>\n\n\n\n<p>Seg\u00fan los voceros, por ahora los investigadores descartaron que se haya tratado de un robo y creen que fue en el contexto de un ajuste de cuentas.<\/p>\n\n\n\n<p>Entre las pertenencias de la v\u00edctima se hallaron estupefacientes, indicaron las fuentes.<\/p>\n\n\n\n<p>Adem\u00e1s, la polic\u00eda se encuentra por estas horas abocada a la identificaci\u00f3n de los atacantes, de los cuales, al menos uno, fue reconocido por el novio de la v\u00edctima con el apodo de \u201cChuki\u201d.<\/p>\n\n\n\n<p>La causa qued\u00f3 en manos de la fiscal Karina Licalzi a cargo de la Unidad Funcional de Instrucci\u00f3n (UFI) Tem\u00e1tica Homicidios de La Matanza.<\/p>\n","protected":false},"excerpt":{"rendered":"<p>Una joven de 25 a\u00f1os fue asesinada de al menos un disparo en la espalda&#8230;<\/p>\n","protected":false},"author":1,"featured_media":59656,"comment_status":"closed","ping_status":"closed","sticky":false,"template":"","format":"standard","meta":{"footnotes":""},"categories":[10],"tags":[],"class_list":["post-60552","post","type-post","status-publish","format-standard","has-post-thumbnail","hentry","category-seguridad"],"_links":{"self":[{"href":"https:\/\/conurbanodiario.com.ar\/index.php?rest_route=\/wp\/v2\/posts\/60552","targetHints":{"allow":["GET"]}}],"collection":[{"href":"https:\/\/conurbanodiario.com.ar\/index.php?rest_route=\/wp\/v2\/posts"}],"about":[{"href":"https:\/\/conurbanodiario.com.ar\/index.php?rest_route=\/wp\/v2\/types\/post"}],"author":[{"embeddable":true,"href":"https:\/\/conurbanodiario.com.ar\/index.php?rest_route=\/wp\/v2\/users\/1"}],"replies":[{"embeddable":true,"href":"https:\/\/conurbanodiario.com.ar\/index.php?rest_route=%2Fwp%2Fv2%2Fcomments&post=60552"}],"version-history":[{"count":1,"href":"https:\/\/conurbanodiario.com.ar\/index.php?rest_route=\/wp\/v2\/posts\/60552\/revisions"}],"predecessor-version":[{"id":60553,"href":"https:\/\/conurbanodiario.com.ar\/index.php?rest_route=\/wp\/v2\/posts\/60552\/revisions\/60553"}],"wp:featuredmedia":[{"embeddable":true,"href":"https:\/\/conurbanodiario.com.ar\/index.php?rest_route=\/wp\/v2\/media\/59656"}],"wp:attachment":[{"href":"https:\/\/conurbanodiario.com.ar\/index.php?rest_route=%2Fwp%2Fv2%2Fmedia&parent=60552"}],"wp:term":[{"taxonomy":"category","embeddable":true,"href":"https:\/\/conurbanodiario.com.ar\/index.php?rest_route=%2Fwp%2Fv2%2Fcategories&post=60552"},{"taxonomy":"post_tag","embeddable":true,"href":"https:\/\/conurbanodiario.com.ar\/index.php?rest_route=%2Fwp%2Fv2%2Ftags&post=60552"}],"curies":[{"name":"wp","href":"https:\/\/api.w.org\/{rel}","templated":true}]}}