{"id":60545,"date":"2023-05-15T01:05:00","date_gmt":"2023-05-15T04:05:00","guid":{"rendered":"https:\/\/conurbanodiario.com.ar\/?p=60545"},"modified":"2023-05-14T14:17:25","modified_gmt":"2023-05-14T17:17:25","slug":"para-yasky-el-fallo-de-la-corte-que-suspendio-elecciones-fue-un-hecho-premeditado","status":"publish","type":"post","link":"https:\/\/conurbanodiario.com.ar\/?p=60545","title":{"rendered":"PARA YASKY, EL FALLO DE LA CORTE QUE SUSPENDI\u00d3 ELECCIONES FUE UN HECHO &#8220;PREMEDITADO&#8221;"},"content":{"rendered":"\n<p>El diputado del Frente de Todos (FdT) y secretario general de la CTA, Hugo Yasky, consider\u00f3 que la decisi\u00f3n de la Corte Suprema de suspender las elecciones previstas en Tucum\u00e1n y San Juan fue un acto \u00abpremeditado\u00bb para que tuviera \u00abalto impacto\u00bb, y denunci\u00f3 que los jueces del m\u00e1ximo tribunal eligieron dar a conocer su resoluci\u00f3n el mismo d\u00eda que en la Comisi\u00f3n de Juicio Pol\u00edtico de la C\u00e1mara de Diputados \u00abse ventilaba el desmanejo y la corrupci\u00f3n\u00bb de la Obra Social del Poder Judicial de la Naci\u00f3n (OSPJN).<\/p>\n\n\n\n<p>\u00abLa Corte toma una decisi\u00f3n extempor\u00e1nea que introduce un elemento de desorganizaci\u00f3n y que impacta institucionalmente en dos provincias que se aprestaban a elegir sus autoridades, y que de pronto deben modificar o suspender el proceso electoral\u00bb, objet\u00f3 el dirigente en di\u00e1logo con Radio Provincia.<\/p>\n\n\n\n<p>El sindicalista calific\u00f3 como un \u00abhecho grav\u00edsimo\u00bb la resoluci\u00f3n de los ministros de la Corte porque, dijo, \u00abno es que el reclamo les lleg\u00f3 un d\u00eda antes de la decisi\u00f3n que tomaron\u00bb.<\/p>\n\n\n\n<p>\u00abLo ten\u00edan ah\u00ed cajoneado y decidieron hacerlo de tal forma que tuviera alto impacto\u00bb, critic\u00f3.<\/p>\n\n\n\n<p>Yasky alert\u00f3 que la fecha en la que la Corte dio a conocer la resoluci\u00f3n coincidi\u00f3 con \u00abel d\u00eda en el que en la Comisi\u00f3n de Juicio pol\u00edtico se ventilaba el desmanejo y la corrupci\u00f3n de la obra social\u00bb del Poder Judicial, al rememorar la \u00faltima sesi\u00f3n de ese cuerpo de la C\u00e1mara de Diputados como parte del juicio pol\u00edtico que se le sigue a los integrantes del m\u00e1ximo tribunal.<\/p>\n\n\n\n<p>Para el referente sindical, los ministros de la Corte \u00abpretenden\u00bb con su decisi\u00f3n \u00abmarcar la cancha para que los l\u00edmites de la democracia lleguen hasta donde ellos entienden que deben llegar\u00bb. <\/p>\n","protected":false},"excerpt":{"rendered":"<p>El diputado del Frente de Todos (FdT) y secretario general de la CTA, Hugo Yasky,&#8230;<\/p>\n","protected":false},"author":1,"featured_media":59656,"comment_status":"closed","ping_status":"closed","sticky":false,"template":"","format":"standard","meta":{"footnotes":""},"categories":[5],"tags":[],"class_list":["post-60545","post","type-post","status-publish","format-standard","has-post-thumbnail","hentry","category-el-pais"],"_links":{"self":[{"href":"https:\/\/conurbanodiario.com.ar\/index.php?rest_route=\/wp\/v2\/posts\/60545","targetHints":{"allow":["GET"]}}],"collection":[{"href":"https:\/\/conurbanodiario.com.ar\/index.php?rest_route=\/wp\/v2\/posts"}],"about":[{"href":"https:\/\/conurbanodiario.com.ar\/index.php?rest_route=\/wp\/v2\/types\/post"}],"author":[{"embeddable":true,"href":"https:\/\/conurbanodiario.com.ar\/index.php?rest_route=\/wp\/v2\/users\/1"}],"replies":[{"embeddable":true,"href":"https:\/\/conurbanodiario.com.ar\/index.php?rest_route=%2Fwp%2Fv2%2Fcomments&post=60545"}],"version-history":[{"count":2,"href":"https:\/\/conurbanodiario.com.ar\/index.php?rest_route=\/wp\/v2\/posts\/60545\/revisions"}],"predecessor-version":[{"id":60548,"href":"https:\/\/conurbanodiario.com.ar\/index.php?rest_route=\/wp\/v2\/posts\/60545\/revisions\/60548"}],"wp:featuredmedia":[{"embeddable":true,"href":"https:\/\/conurbanodiario.com.ar\/index.php?rest_route=\/wp\/v2\/media\/59656"}],"wp:attachment":[{"href":"https:\/\/conurbanodiario.com.ar\/index.php?rest_route=%2Fwp%2Fv2%2Fmedia&parent=60545"}],"wp:term":[{"taxonomy":"category","embeddable":true,"href":"https:\/\/conurbanodiario.com.ar\/index.php?rest_route=%2Fwp%2Fv2%2Fcategories&post=60545"},{"taxonomy":"post_tag","embeddable":true,"href":"https:\/\/conurbanodiario.com.ar\/index.php?rest_route=%2Fwp%2Fv2%2Ftags&post=60545"}],"curies":[{"name":"wp","href":"https:\/\/api.w.org\/{rel}","templated":true}]}}