{"id":60524,"date":"2023-05-15T01:05:00","date_gmt":"2023-05-15T04:05:00","guid":{"rendered":"https:\/\/conurbanodiario.com.ar\/?p=60524"},"modified":"2023-05-12T15:50:01","modified_gmt":"2023-05-12T18:50:01","slug":"el-gobierno-bonaerense-lanzo-la-iv-convocatoria-a-proyectos-de-agregado-de-valor-cooperativo","status":"publish","type":"post","link":"https:\/\/conurbanodiario.com.ar\/?p=60524","title":{"rendered":"EL GOBIERNO BONAERENSE LANZ\u00d3 LA IV CONVOCATORIA A PROYECTOS DE AGREGADO DE VALOR COOPERATIVO"},"content":{"rendered":"\n<p>El Gobierno bonaerense lanz\u00f3 la Cuarta Convocatoria a Proyectos de Agregado de Valor Cooperativo, que busca aumentar la competitividad de las cooperativas agropecuarias bonaerenses mediante su inclusi\u00f3n en las cadenas de valor, el fortalecimiento de los procesos de industrializaci\u00f3n y la integraci\u00f3n cooperativa.<\/p>\n\n\n\n<p>\u201c&#8230; En la Provincia tenemos muchas m\u00e1s cooperativas agropecuarias y agroalimentarias que cuando iniciamos la gesti\u00f3n y eso es muy satisfactorio porque estamos hablando de un hecho concreto, de una transformaci\u00f3n que tiene que ver con nuestra mirada de que las cooperativas son un veh\u00edculo fundamental para fortalecer a los peque\u00f1os y medianos productores\u00bb, se\u00f1al\u00f3 el ministro de Desarrollo Agrario, Javier Rodr\u00edguez.<\/p>\n\n\n\n<p>Seg\u00fan destac\u00f3 \u201cel programa de Agregado de Valor Cooperativo busca que m\u00e1s cooperativas industrialicen localmente la producci\u00f3n\u201d.<\/p>\n\n\n\n<p>Con este objetivo, la cartera agraria brinda apoyo financiero mediante la modalidad de Aportes no Reintegrables, con montos que van de $1.000.000 a $5.000.000 seg\u00fan el n\u00famero asociados, destinado a cubrir los costos de proyectos innovadores orientados a promover mejoras en las cadenas de valor agropecuarias y agroindustriales.<\/p>\n\n\n\n<p>Tambi\u00e9n fueron financiados proyectos para la adquisici\u00f3n de maquinaria envasadora de avena arrollada, la compra de una fraccionadora y envasadora de miel, el acondicionamiento de un galp\u00f3n para acopio y tratamiento de lana, la compra de maquinaria para molienda de granos \u201cspecialities\u201d.<\/p>\n\n\n\n<p>En esta ocasi\u00f3n, las cooperativas que deseen participar del Programa tendr\u00e1n tiempo de presentar sus proyectos hasta el 12 de junio.<\/p>\n","protected":false},"excerpt":{"rendered":"<p>El Gobierno bonaerense lanz\u00f3 la Cuarta Convocatoria a Proyectos de Agregado de Valor Cooperativo, que&#8230;<\/p>\n","protected":false},"author":1,"featured_media":59656,"comment_status":"closed","ping_status":"closed","sticky":false,"template":"","format":"standard","meta":{"footnotes":""},"categories":[28],"tags":[],"class_list":["post-60524","post","type-post","status-publish","format-standard","has-post-thumbnail","hentry","category-la-provincia"],"_links":{"self":[{"href":"https:\/\/conurbanodiario.com.ar\/index.php?rest_route=\/wp\/v2\/posts\/60524","targetHints":{"allow":["GET"]}}],"collection":[{"href":"https:\/\/conurbanodiario.com.ar\/index.php?rest_route=\/wp\/v2\/posts"}],"about":[{"href":"https:\/\/conurbanodiario.com.ar\/index.php?rest_route=\/wp\/v2\/types\/post"}],"author":[{"embeddable":true,"href":"https:\/\/conurbanodiario.com.ar\/index.php?rest_route=\/wp\/v2\/users\/1"}],"replies":[{"embeddable":true,"href":"https:\/\/conurbanodiario.com.ar\/index.php?rest_route=%2Fwp%2Fv2%2Fcomments&post=60524"}],"version-history":[{"count":1,"href":"https:\/\/conurbanodiario.com.ar\/index.php?rest_route=\/wp\/v2\/posts\/60524\/revisions"}],"predecessor-version":[{"id":60526,"href":"https:\/\/conurbanodiario.com.ar\/index.php?rest_route=\/wp\/v2\/posts\/60524\/revisions\/60526"}],"wp:featuredmedia":[{"embeddable":true,"href":"https:\/\/conurbanodiario.com.ar\/index.php?rest_route=\/wp\/v2\/media\/59656"}],"wp:attachment":[{"href":"https:\/\/conurbanodiario.com.ar\/index.php?rest_route=%2Fwp%2Fv2%2Fmedia&parent=60524"}],"wp:term":[{"taxonomy":"category","embeddable":true,"href":"https:\/\/conurbanodiario.com.ar\/index.php?rest_route=%2Fwp%2Fv2%2Fcategories&post=60524"},{"taxonomy":"post_tag","embeddable":true,"href":"https:\/\/conurbanodiario.com.ar\/index.php?rest_route=%2Fwp%2Fv2%2Ftags&post=60524"}],"curies":[{"name":"wp","href":"https:\/\/api.w.org\/{rel}","templated":true}]}}